{"id":1466,"date":"2010-09-20T15:20:55","date_gmt":"2010-09-20T14:20:55","guid":{"rendered":"http:\/\/trachtenverband-unterfranken.de\/wordpress\/?p=1466"},"modified":"2010-09-20T15:20:55","modified_gmt":"2010-09-20T14:20:55","slug":"bodenstandige-auftritte-bbei-der-jubilaums-wiesn","status":"publish","type":"post","link":"https:\/\/www.trachtenverband-unterfranken.de\/?p=1466","title":{"rendered":"Bodenst\u00e4ndige Auftritte bei der Jubil\u00e4ums-Wiesn"},"content":{"rendered":"<p>\ufeff19.09.2010<br \/>\n<strong>Bodenst\u00e4ndige Auftritte bis 4. Oktober im Historischen Festzelt bei der<br \/>\nJubil\u00e4ums-Wiesn<\/strong><\/p>\n<p>M\u00fcnchen (h\u00f6) \u2013 Blasmusikanten, Gebirgssch\u00fctzen, Sch\u00fctzen und Trachtengruppen<br \/>\naus den Gauen und Bezirken des Bayerischen Trachtenverbandes waren zum<br \/>\nAuftakt des Historischen Oktoberfestes in M\u00fcnchen froh und farbenpr\u00e4chtig<br \/>\nbeteiligt. Sehens- und h\u00f6renswerte Auftritte gab es am ersten Tag von den<br \/>\nMitgliedern der Gaugruppen vom Huosigau und vom Chiemgau-Alpenverband sowie<br \/>\nvon der Rottauer Tanzlmusi. Im Historischen Festzelt werden noch bis Montag,<br \/>\n4. Oktober alle Tage Trachten- und Musikgruppen von 10 Uhr bis 20 Uhr<br \/>\nauftreten, um das Jubil\u00e4ums-Oktoberfest besonders bodenst\u00e4ndig zu feiern.<br \/>\nUnsere Aufnahmen zeigen erste Eindr\u00fccke vom festlichen Einzug und  von den<br \/>\nAuftritten, die bei den G\u00e4sten aus aller Welt viel Zustimmung fanden. Auch<br \/>\neine Abordnung des Trachtenverband Unterfranken e.V. war mit der Gaufahne<br \/>\ndabei. Landesvorsitzender Otto Dufter hatte nach dem erfolgreichen Auftakt<br \/>\nallen guten Grund, um sich bei Landesvorplattler Florian Vief und bei<br \/>\nHauptorganisatoren Andi Hilger aus Rottau sowie bei Karl-Heinz Knoll vom<br \/>\nFestring M\u00fcnchen zu bedanken.<\/p>\n\n<p>Fotos: H\u00f6tzelsperger<br \/>\n1. Einzug mit dem Bayerischen Trachtenverband, voran die Fahnenabordnung des<br \/>\nGauverbandes Unterfranken.<br \/>\n2. Altusrieder Alphornbl\u00e4ser aus dem Allg\u00e4u<br \/>\n3. Gaugruppe des Chiemgau-Alpenveranbes<br \/>\n4. Tanzgruppe und Goa\u00dflschnalzer aus dem Huosigau<br \/>\n5. M\u00fcnchner Oktoberfestkapelle<br \/>\n6. Landesvorsitzender Otto Dufter vom Bayer. Trachtenverband mit  SKH Herzog<br \/>\nMax in Bayern und seiner Frau Elizabeth<br \/>\n7. Organisatoren Karl-Heinz Knoll und Andi Hilger<\/p>\n","protected":false},"excerpt":{"rendered":"<p>\ufeff19.09.2010 Bodenst\u00e4ndige Auftritte bis 4. Oktober im Historischen Festzelt bei der Jubil\u00e4ums-Wiesn M\u00fcnchen (h\u00f6) \u2013 Blasmusikanten, Gebirgssch\u00fctzen, Sch\u00fctzen und Trachtengruppen aus den Gauen und Bezirken des Bayerischen Trachtenverbandes waren zum Auftakt des Historischen Oktoberfestes in M\u00fcnchen froh und farbenpr\u00e4chtig beteiligt. Sehens- und h\u00f6renswerte Auftritte gab es am ersten Tag von den Mitgliedern der Gaugruppen vom &hellip; <a href=\"https:\/\/www.trachtenverband-unterfranken.de\/?p=1466\" class=\"more-link\"><span class=\"screen-reader-text\">Bodenst\u00e4ndige Auftritte bei der Jubil\u00e4ums-Wiesn<\/span> weiterlesen<\/a><\/p>\n","protected":false},"author":1,"featured_media":0,"comment_status":"open","ping_status":"closed","sticky":false,"template":"","format":"standard","meta":{"footnotes":""},"categories":[1,9],"tags":[],"_links":{"self":[{"href":"https:\/\/www.trachtenverband-unterfranken.de\/index.php?rest_route=\/wp\/v2\/posts\/1466"}],"collection":[{"href":"https:\/\/www.trachtenverband-unterfranken.de\/index.php?rest_route=\/wp\/v2\/posts"}],"about":[{"href":"https:\/\/www.trachtenverband-unterfranken.de\/index.php?rest_route=\/wp\/v2\/types\/post"}],"author":[{"embeddable":true,"href":"https:\/\/www.trachtenverband-unterfranken.de\/index.php?rest_route=\/wp\/v2\/users\/1"}],"replies":[{"embeddable":true,"href":"https:\/\/www.trachtenverband-unterfranken.de\/index.php?rest_route=%2Fwp%2Fv2%2Fcomments&post=1466"}],"version-history":[{"count":0,"href":"https:\/\/www.trachtenverband-unterfranken.de\/index.php?rest_route=\/wp\/v2\/posts\/1466\/revisions"}],"wp:attachment":[{"href":"https:\/\/www.trachtenverband-unterfranken.de\/index.php?rest_route=%2Fwp%2Fv2%2Fmedia&parent=1466"}],"wp:term":[{"taxonomy":"category","embeddable":true,"href":"https:\/\/www.trachtenverband-unterfranken.de\/index.php?rest_route=%2Fwp%2Fv2%2Fcategories&post=1466"},{"taxonomy":"post_tag","embeddable":true,"href":"https:\/\/www.trachtenverband-unterfranken.de\/index.php?rest_route=%2Fwp%2Fv2%2Ftags&post=1466"}],"curies":[{"name":"wp","href":"https:\/\/api.w.org\/{rel}","templated":true}]}}