{"id":1485,"date":"2010-09-26T08:34:00","date_gmt":"2010-09-26T07:34:00","guid":{"rendered":"http:\/\/trachtenverband-unterfranken.de\/wordpress\/?p=1485"},"modified":"2010-09-26T08:34:00","modified_gmt":"2010-09-26T07:34:00","slug":"ochsenfurter-in-tracht-beim-munchener-oktoberfest-am-19-09-2010","status":"publish","type":"post","link":"https:\/\/www.trachtenverband-unterfranken.de\/?p=1485","title":{"rendered":"Ochsenfurter in Tracht beim M\u00fcnchener Oktoberfest am 19.09.2010"},"content":{"rendered":"<p style=\"text-align: left;\">Bei wei\u00df-blauem Himmel fand dieses Jahr der traditionelle Sch\u00fctzen- und Trachtenumzug zum 200-j\u00e4hrigen Bestehen des M\u00fcnchner Oktoberfestes statt, und der Volkstrachtenverein Ochsenfurt war dabei. Am Sonntag fr\u00fch um 5 Uhr standen 45 Trachtler aus Ochsenfurt bereit, um mit dem Bus nach M\u00fcnchen zu fahren. Alle hatten bereits die schmucke Tracht angelegt, was f\u00fcr die Frauen bedeutete, dass sie bereits mindestens zwei Stunden vorher aufgestanden waren. Sie hatten lediglich auf den Oberrock und die Mutzen verzichtet, damit es im Bus etwas bequemer war. Um 9.40 startete der Festzug mit seinen \u00fcber 9000 Teilnehmern. Die Ochsenfurter waren die 44. Gruppe von insgesamt 60 im Festzug. Wie Trachtenvereins-Vorsitzender Paul Mohr berichtete, starteten sie um 11.27 Uhr gegen\u00fcber dem Deutschen Museum. Die rund sieben Kilometer waren zwar anstrengend, besonders f\u00fcr die Kinder und Jugendlichen, doch die Ochsenfurter hatten eine tolle Kapelle hinter sich, die die richtige Musik spielte, so dass das Marschieren relativ leicht viel. Kurz vor 13 Uhr kamen die Ochsenfurter auf der Wies&#8217;n an und nahmen ihre reservierten Pl\u00e4tze im Hofbr\u00e4u-Zelt ein. Gegen Abend trat die Gruppe die Heimreise an, zwar m\u00fcde, doch im Gep\u00e4ck viele sch\u00f6ne Erinnerungen an ein besonderes Erlebnis. (Foto und Artikel von Klaus B\u00f6hm, TrV Ochsenfurt)<img loading=\"lazy\" decoding=\"async\" class=\"size-full wp-image-1486 aligncenter\" title=\"Ochsenfurter beim Oktoberfest 2010_600x600_100KB\" src=\"http:\/\/trachtenverband-unterfranken.de\/wordpress\/wp-content\/uploads\/2010\/09\/Ochsenfurter-beim-Oktoberfest-2010_600x600_100KB.jpg\" alt=\"Die Ochsenfurter vor dem Umzug\" width=\"540\" height=\"405\" \/><\/p>\n","protected":false},"excerpt":{"rendered":"<p>Bei wei\u00df-blauem Himmel fand dieses Jahr der traditionelle Sch\u00fctzen- und Trachtenumzug zum 200-j\u00e4hrigen Bestehen des M\u00fcnchner Oktoberfestes statt, und der Volkstrachtenverein Ochsenfurt war dabei. <\/p>\n","protected":false},"author":1,"featured_media":0,"comment_status":"closed","ping_status":"closed","sticky":false,"template":"","format":"standard","meta":{"footnotes":""},"categories":[1,9],"tags":[24],"_links":{"self":[{"href":"https:\/\/www.trachtenverband-unterfranken.de\/index.php?rest_route=\/wp\/v2\/posts\/1485"}],"collection":[{"href":"https:\/\/www.trachtenverband-unterfranken.de\/index.php?rest_route=\/wp\/v2\/posts"}],"about":[{"href":"https:\/\/www.trachtenverband-unterfranken.de\/index.php?rest_route=\/wp\/v2\/types\/post"}],"author":[{"embeddable":true,"href":"https:\/\/www.trachtenverband-unterfranken.de\/index.php?rest_route=\/wp\/v2\/users\/1"}],"replies":[{"embeddable":true,"href":"https:\/\/www.trachtenverband-unterfranken.de\/index.php?rest_route=%2Fwp%2Fv2%2Fcomments&post=1485"}],"version-history":[{"count":0,"href":"https:\/\/www.trachtenverband-unterfranken.de\/index.php?rest_route=\/wp\/v2\/posts\/1485\/revisions"}],"wp:attachment":[{"href":"https:\/\/www.trachtenverband-unterfranken.de\/index.php?rest_route=%2Fwp%2Fv2%2Fmedia&parent=1485"}],"wp:term":[{"taxonomy":"category","embeddable":true,"href":"https:\/\/www.trachtenverband-unterfranken.de\/index.php?rest_route=%2Fwp%2Fv2%2Fcategories&post=1485"},{"taxonomy":"post_tag","embeddable":true,"href":"https:\/\/www.trachtenverband-unterfranken.de\/index.php?rest_route=%2Fwp%2Fv2%2Ftags&post=1485"}],"curies":[{"name":"wp","href":"https:\/\/api.w.org\/{rel}","templated":true}]}}