{"id":1493,"date":"2010-09-27T06:37:11","date_gmt":"2010-09-27T05:37:11","guid":{"rendered":"http:\/\/trachtenverband-unterfranken.de\/wordpress\/?p=1493"},"modified":"2010-09-27T06:37:11","modified_gmt":"2010-09-27T05:37:11","slug":"einladung-zur-gauherbstversammlung-des-trachtenverbandes-unterfranken-am-17-10-2010-in-97535-burghausen-im-sportheim-beginn-10-00-uhr","status":"publish","type":"post","link":"https:\/\/www.trachtenverband-unterfranken.de\/?p=1493","title":{"rendered":"Einladung zur Gauherbstversammlung des Trachtenverbandes Unterfranken am 17.10.2010 in 97535 Burghausen (im Sportheim) Beginn 10.00 Uhr"},"content":{"rendered":"<p>Tagesordnung:<\/p>\n<p>\u00a01. Begr\u00fc\u00dfung<\/p>\n<p>2. Totengedenken, Trachtenhymne<\/p>\n<p>3. Abstimmung \u00fcber das Protokoll (liegt dem Einladungsschreiben bei)<\/p>\n<p>4. Berichte der Verwaltung und Sachgebiete<\/p>\n<p>a) 1. Vorsitzender Oliver Brust<\/p>\n<p>b) 2. Vorsitzender Manfred Sitzmann<\/p>\n<p>c) Jugend<\/p>\n<p>d) Vort\u00e4nzer<\/p>\n<p>e) Volksmusik<\/p>\n<p>f) Presse<\/p>\n<p>g) Trachtenforschung u. \u2013pflege<\/p>\n<p>h) Mundart-Brauchtum-Laienspiel<\/p>\n<p>5. Nachbetrachtung Festsommer 2010 (z.B. Gaufest und Trachtenwallfahrt, Trachtenmarkt Greding))<\/p>\n<p>6. Neuaufnahmen<\/p>\n<p>7. Verschiedenes, Ausblick und Termine<\/p>\n<p>Statistikkarte (Adressen f\u00fcr den Trachtenkalender) bitte ausgef\u00fcllt zur Herbstversammlung mitbringen und bei Barbara G\u00f6bel (Gaupressewartin) abgeben.<\/p>\n<p>Mit freundlichen Gr\u00fc\u00dfen<\/p>\n<p>Oliver Brust<\/p>\n","protected":false},"excerpt":{"rendered":"<p>Tagesordnung: \u00a01. Begr\u00fc\u00dfung 2. Totengedenken, Trachtenhymne 3. Abstimmung \u00fcber das Protokoll (liegt dem Einladungsschreiben bei) 4. Berichte der Verwaltung und Sachgebiete a) 1. Vorsitzender Oliver Brust b) 2. Vorsitzender Manfred Sitzmann c) Jugend d) Vort\u00e4nzer e) Volksmusik f) Presse g) Trachtenforschung u. \u2013pflege h) Mundart-Brauchtum-Laienspiel 5. Nachbetrachtung Festsommer 2010 (z.B. Gaufest und Trachtenwallfahrt, Trachtenmarkt Greding)) &hellip; <a href=\"https:\/\/www.trachtenverband-unterfranken.de\/?p=1493\" class=\"more-link\"><span class=\"screen-reader-text\">Einladung zur Gauherbstversammlung des Trachtenverbandes Unterfranken am 17.10.2010 in 97535 Burghausen (im Sportheim) Beginn 10.00 Uhr<\/span> weiterlesen<\/a><\/p>\n","protected":false},"author":1,"featured_media":0,"comment_status":"open","ping_status":"closed","sticky":false,"template":"","format":"standard","meta":{"footnotes":""},"categories":[1,9,13,14,7,11,12],"tags":[21],"_links":{"self":[{"href":"https:\/\/www.trachtenverband-unterfranken.de\/index.php?rest_route=\/wp\/v2\/posts\/1493"}],"collection":[{"href":"https:\/\/www.trachtenverband-unterfranken.de\/index.php?rest_route=\/wp\/v2\/posts"}],"about":[{"href":"https:\/\/www.trachtenverband-unterfranken.de\/index.php?rest_route=\/wp\/v2\/types\/post"}],"author":[{"embeddable":true,"href":"https:\/\/www.trachtenverband-unterfranken.de\/index.php?rest_route=\/wp\/v2\/users\/1"}],"replies":[{"embeddable":true,"href":"https:\/\/www.trachtenverband-unterfranken.de\/index.php?rest_route=%2Fwp%2Fv2%2Fcomments&post=1493"}],"version-history":[{"count":0,"href":"https:\/\/www.trachtenverband-unterfranken.de\/index.php?rest_route=\/wp\/v2\/posts\/1493\/revisions"}],"wp:attachment":[{"href":"https:\/\/www.trachtenverband-unterfranken.de\/index.php?rest_route=%2Fwp%2Fv2%2Fmedia&parent=1493"}],"wp:term":[{"taxonomy":"category","embeddable":true,"href":"https:\/\/www.trachtenverband-unterfranken.de\/index.php?rest_route=%2Fwp%2Fv2%2Fcategories&post=1493"},{"taxonomy":"post_tag","embeddable":true,"href":"https:\/\/www.trachtenverband-unterfranken.de\/index.php?rest_route=%2Fwp%2Fv2%2Ftags&post=1493"}],"curies":[{"name":"wp","href":"https:\/\/api.w.org\/{rel}","templated":true}]}}