{"id":1502,"date":"2010-09-27T15:18:39","date_gmt":"2010-09-27T14:18:39","guid":{"rendered":"http:\/\/trachtenverband-unterfranken.de\/wordpress\/?p=1502"},"modified":"2010-09-27T15:18:39","modified_gmt":"2010-09-27T14:18:39","slug":"jahresausflug-zum-samerberg","status":"publish","type":"post","link":"https:\/\/www.trachtenverband-unterfranken.de\/?p=1502","title":{"rendered":"Jahresausflug zum Samerberg"},"content":{"rendered":"<p>25.09.2010<strong><br \/>\nUnterfr\u00e4nkische Trachten- und Musikgruppe Sennfeld nutzt Jahresausflug zum<br \/>\nSamerberg mit Auftritten in Rosenheim und M\u00fcnchen <\/strong><\/p>\n<p>Samerberg (h\u00f6) \u2013 Auf der Gr\u00fcnen Woche in Berlin kam es vor einigen Jahren zu<br \/>\nKontakten zwischen der G\u00e4ste-Information Samerberg und dem unterfr\u00e4nkischen<br \/>\nTrachtenverein  \u201eD\u00b4Sennfelder\u201c. Nunmehr verbrachten insgesamt 58 Mitglieder<br \/>\ndes Vereins zusammen mit der Blaskapelle \u201eDie Jungen Sennfelder\u201c vier Tage<br \/>\nim Rosenheimer Land. Von ihrem Stammquartier aus, dem Berggasthof Duftbr\u00e4u<br \/>\nam Samerberg,  machten sich die Sennfelder auch zweimal auf den Weg zu<br \/>\n\u00f6ffentlichen Auftritten. So zeigten die Tanzgruppe und die Blaskapelle auf<br \/>\nder Landesgartenschau in Rosenheim und beim Historischen Oktoberfest in<br \/>\nM\u00fcnchen fr\u00e4nkische Figurent\u00e4nze sowie die Sennfelder Kirchweihtour mit<br \/>\nWalzer, Baurem\u00e4dla, Rheinl\u00e4nder, Schottisch und Dreischrittdreher. \u201eUnsere<br \/>\nAuftritte stie\u00dfen auf gro\u00dfes Interesse, wir hatten viele Fragen zu unserer<br \/>\nTracht und zu unserer Herkunft zu beantworten\u201c, zeigte sich Vorstand Helmut<br \/>\nB\u00fcschel aus Sennfeld abschlie\u00dfend zufrieden.<\/p>\n<p><a href=\"http:\/\/trachtenverband-unterfranken.de\/wordpress\/wp-content\/uploads\/2010\/09\/klBesuch-Sennfeld-auf-Gartenschau.jpg\"><img loading=\"lazy\" decoding=\"async\" class=\"alignnone size-medium wp-image-1503\" title=\"klBesuch Sennfeld auf Gartenschau\" src=\"http:\/\/trachtenverband-unterfranken.de\/wordpress\/wp-content\/uploads\/2010\/09\/klBesuch-Sennfeld-auf-Gartenschau-440x173.jpg\" alt=\"\" width=\"440\" height=\"173\" \/><\/a><\/p>\n<p>Fotos: Blaskapelle \u201eDie Jungen Sennfelder\u201c auf der Landesgartenschau in<br \/>\nRosenheim.<br \/>\nN\u00e4here Informationen:  Bei Helmut B\u00fcschel, Telefon 09721-68470<\/p>\n<p>Anton<br \/>\nH\u00f6tzelsperger<\/p>\n<p>Telefon:<br \/>\n08051-3604<br \/>\nTouristiker \u2013 Leiter der<br \/>\nG\u00e4steinformation Samerberg<br \/>\nTelefon 08032-8606<br \/>\nwww.samerberg.de<br \/>\nWaldweg 1<br \/>\n83209 Prien-Prutdorf<br \/>\nFerienwohnungen<\/p>\n<p>Journalist \u2013 B\u00fcro f\u00fcr<br \/>\n\u00d6ffentlichkeitsarbeit<br \/>\nTelefax: 08051-63029<br \/>\nMobil: 0179-5021524<\/p>\n","protected":false},"excerpt":{"rendered":"<p>25.09.2010 Unterfr\u00e4nkische Trachten- und Musikgruppe Sennfeld nutzt Jahresausflug zum Samerberg mit Auftritten in Rosenheim und M\u00fcnchen Samerberg (h\u00f6) \u2013 Auf der Gr\u00fcnen Woche in Berlin kam es vor einigen Jahren zu Kontakten zwischen der G\u00e4ste-Information Samerberg und dem unterfr\u00e4nkischen Trachtenverein \u201eD\u00b4Sennfelder\u201c. Nunmehr verbrachten insgesamt 58 Mitglieder des Vereins zusammen mit der Blaskapelle \u201eDie Jungen Sennfelder\u201c &hellip; <a href=\"https:\/\/www.trachtenverband-unterfranken.de\/?p=1502\" class=\"more-link\"><span class=\"screen-reader-text\">Jahresausflug zum Samerberg<\/span> weiterlesen<\/a><\/p>\n","protected":false},"author":1,"featured_media":0,"comment_status":"open","ping_status":"closed","sticky":false,"template":"","format":"standard","meta":{"footnotes":""},"categories":[1,9],"tags":[],"_links":{"self":[{"href":"https:\/\/www.trachtenverband-unterfranken.de\/index.php?rest_route=\/wp\/v2\/posts\/1502"}],"collection":[{"href":"https:\/\/www.trachtenverband-unterfranken.de\/index.php?rest_route=\/wp\/v2\/posts"}],"about":[{"href":"https:\/\/www.trachtenverband-unterfranken.de\/index.php?rest_route=\/wp\/v2\/types\/post"}],"author":[{"embeddable":true,"href":"https:\/\/www.trachtenverband-unterfranken.de\/index.php?rest_route=\/wp\/v2\/users\/1"}],"replies":[{"embeddable":true,"href":"https:\/\/www.trachtenverband-unterfranken.de\/index.php?rest_route=%2Fwp%2Fv2%2Fcomments&post=1502"}],"version-history":[{"count":0,"href":"https:\/\/www.trachtenverband-unterfranken.de\/index.php?rest_route=\/wp\/v2\/posts\/1502\/revisions"}],"wp:attachment":[{"href":"https:\/\/www.trachtenverband-unterfranken.de\/index.php?rest_route=%2Fwp%2Fv2%2Fmedia&parent=1502"}],"wp:term":[{"taxonomy":"category","embeddable":true,"href":"https:\/\/www.trachtenverband-unterfranken.de\/index.php?rest_route=%2Fwp%2Fv2%2Fcategories&post=1502"},{"taxonomy":"post_tag","embeddable":true,"href":"https:\/\/www.trachtenverband-unterfranken.de\/index.php?rest_route=%2Fwp%2Fv2%2Ftags&post=1502"}],"curies":[{"name":"wp","href":"https:\/\/api.w.org\/{rel}","templated":true}]}}