{"id":1508,"date":"2010-10-01T12:53:44","date_gmt":"2010-10-01T11:53:44","guid":{"rendered":"http:\/\/trachtenverband-unterfranken.de\/wordpress\/?p=1508"},"modified":"2010-10-01T12:53:44","modified_gmt":"2010-10-01T11:53:44","slug":"die-semflder-auf-der-historischen-wiesn","status":"publish","type":"post","link":"https:\/\/www.trachtenverband-unterfranken.de\/?p=1508","title":{"rendered":"Die Semflder auf der Historischen Wiesn"},"content":{"rendered":"<p>Mit \u201eWohlauf die Luft geht frisch und rein\u201c zog der Volkstrachten-Erhaltungsverein \u201eDie Semflder\u201c mit 60 Trachtlern in die \u201eHistorische Wiesn\u201c auf dem M\u00fcnchner Oktoberfest ein.<br \/>\nUnter dem Applaus der Wiesnbesucher spielte die Trachtenkapelle \u201eDie Jungen Sennfelder\u201c fr\u00e4nkische Weisen und die Tanzgruppe zeigte den Zuschauern auf der Trib\u00fcne der Rennbahn<br \/>\neine Sennfelder Plantour.<br \/>\nIm Zelt wurden nach einer frischen Ma\u00df Bier fr\u00e4nkische Figurent\u00e4nze gezeigt und die Blaskapelle sorgte f\u00fcr stimmungsvolle Unterhaltung.<\/p>\n\n","protected":false},"excerpt":{"rendered":"<p>Mit \u201eWohlauf die Luft geht frisch und rein\u201c zog der Volkstrachten-Erhaltungsverein \u201eDie Semflder\u201c mit 60 Trachtlern in die \u201eHistorische Wiesn\u201c auf dem M\u00fcnchner Oktoberfest ein. Unter dem Applaus der Wiesnbesucher spielte die Trachtenkapelle \u201eDie Jungen Sennfelder\u201c fr\u00e4nkische Weisen und die Tanzgruppe zeigte den Zuschauern auf der Trib\u00fcne der Rennbahn eine Sennfelder Plantour. Im Zelt wurden &hellip; <a href=\"https:\/\/www.trachtenverband-unterfranken.de\/?p=1508\" class=\"more-link\"><span class=\"screen-reader-text\">Die Semflder auf der Historischen Wiesn<\/span> weiterlesen<\/a><\/p>\n","protected":false},"author":1,"featured_media":0,"comment_status":"open","ping_status":"closed","sticky":false,"template":"","format":"standard","meta":{"footnotes":""},"categories":[1,9],"tags":[],"_links":{"self":[{"href":"https:\/\/www.trachtenverband-unterfranken.de\/index.php?rest_route=\/wp\/v2\/posts\/1508"}],"collection":[{"href":"https:\/\/www.trachtenverband-unterfranken.de\/index.php?rest_route=\/wp\/v2\/posts"}],"about":[{"href":"https:\/\/www.trachtenverband-unterfranken.de\/index.php?rest_route=\/wp\/v2\/types\/post"}],"author":[{"embeddable":true,"href":"https:\/\/www.trachtenverband-unterfranken.de\/index.php?rest_route=\/wp\/v2\/users\/1"}],"replies":[{"embeddable":true,"href":"https:\/\/www.trachtenverband-unterfranken.de\/index.php?rest_route=%2Fwp%2Fv2%2Fcomments&post=1508"}],"version-history":[{"count":0,"href":"https:\/\/www.trachtenverband-unterfranken.de\/index.php?rest_route=\/wp\/v2\/posts\/1508\/revisions"}],"wp:attachment":[{"href":"https:\/\/www.trachtenverband-unterfranken.de\/index.php?rest_route=%2Fwp%2Fv2%2Fmedia&parent=1508"}],"wp:term":[{"taxonomy":"category","embeddable":true,"href":"https:\/\/www.trachtenverband-unterfranken.de\/index.php?rest_route=%2Fwp%2Fv2%2Fcategories&post=1508"},{"taxonomy":"post_tag","embeddable":true,"href":"https:\/\/www.trachtenverband-unterfranken.de\/index.php?rest_route=%2Fwp%2Fv2%2Ftags&post=1508"}],"curies":[{"name":"wp","href":"https:\/\/api.w.org\/{rel}","templated":true}]}}