{"id":1515,"date":"2010-10-07T08:08:46","date_gmt":"2010-10-07T07:08:46","guid":{"rendered":"http:\/\/trachtenverband-unterfranken.de\/wordpress\/?p=1515"},"modified":"2010-10-07T08:08:46","modified_gmt":"2010-10-07T07:08:46","slug":"40-jahre-erntedankfestzug-in-rothlein","status":"publish","type":"post","link":"https:\/\/www.trachtenverband-unterfranken.de\/?p=1515","title":{"rendered":"40 Jahre Erntedankfestzug in R\u00f6thlein"},"content":{"rendered":"<p>Am kommenden Sonntag (10.10.2010)\u00a0 feiert der Volkstrachtenverein R\u00f6thlein die 40. Ausrichtung des gro\u00dfen Erntedankfestzuges in R\u00f6thlein. Wie immer wird er dabei von ortsans\u00e4ssigen Vereinen, Trachtengruppen aus Unterfranken, sowie unz\u00e4hligen freiwilligen Helfern tatkr\u00e4ftig unterst\u00fctzt. In diesem Jahr werden Trachtler aus Oberelsbach und die Sennfelder mit Plan- und Fichtenpaaren erwartet.<\/p>\n<p>Auftakt ist der von den Trachtenkindern mitgestaltete Festgottesdienst um 9.00Uhr in der St. Jakobus Kirche. Unter Kl\u00e4ngen der Musikkapellen Heidenfeld, Hirschfeld und Garstadt wird sich der Festzug um 13.00Uhr vom Trachtenplatz zur Dorfmitte in Bewegung setzten. Bunt geschm\u00fcckte Wagen zeigen die Fr\u00fcchte der Fluren. Wer dem Zug folgt kann bereits hier vom frischen Zwiebelplootz und Federwei\u00dfen probieren.<\/p>\n<p>Kaffee und Kuchen, aber auch allerlei Deftiges gilt es dann nach dem Festzug am Trachtenheim auszuprobieren. Dort laden die Planpaare und der Musikverein Hirschfeld zu den letzten Plantouren unter freiem Himmel in diesem Jahr ein. Der Trachtenverein R\u00f6thlein l\u00e4dt alle Besucher ganz herzlich zu einem gem\u00fctlichen Herbstnachmittag ein.<\/p>\n\n<p>Bilder: Matthias Planitzer und Maximilian Nunn<\/p>\n<p>K\u00fcrbis: Riesenk\u00fcrbis auf dem R\u00f6thleiner Erntedankfest<br \/>\nKinderwagen: Der Marmeladenwagen der R\u00f6thleiner Kindertanzgruppe<br \/>\nKartoffelwagen: Im letzten Jahr gabs  Grumbern<\/p>\n","protected":false},"excerpt":{"rendered":"<p>Am kommenden Sonntag (10.10.2010)\u00a0 feiert der Volkstrachtenverein R\u00f6thlein die 40. Ausrichtung des gro\u00dfen Erntedankfestzuges in R\u00f6thlein. Wie immer wird er dabei von ortsans\u00e4ssigen Vereinen, Trachtengruppen aus Unterfranken, sowie unz\u00e4hligen freiwilligen Helfern tatkr\u00e4ftig unterst\u00fctzt. In diesem Jahr werden Trachtler aus Oberelsbach und die Sennfelder mit Plan- und Fichtenpaaren erwartet. Auftakt ist der von den Trachtenkindern mitgestaltete &hellip; <a href=\"https:\/\/www.trachtenverband-unterfranken.de\/?p=1515\" class=\"more-link\"><span class=\"screen-reader-text\">40 Jahre Erntedankfestzug in R\u00f6thlein<\/span> weiterlesen<\/a><\/p>\n","protected":false},"author":1,"featured_media":0,"comment_status":"open","ping_status":"closed","sticky":false,"template":"","format":"standard","meta":{"footnotes":""},"categories":[9],"tags":[],"_links":{"self":[{"href":"https:\/\/www.trachtenverband-unterfranken.de\/index.php?rest_route=\/wp\/v2\/posts\/1515"}],"collection":[{"href":"https:\/\/www.trachtenverband-unterfranken.de\/index.php?rest_route=\/wp\/v2\/posts"}],"about":[{"href":"https:\/\/www.trachtenverband-unterfranken.de\/index.php?rest_route=\/wp\/v2\/types\/post"}],"author":[{"embeddable":true,"href":"https:\/\/www.trachtenverband-unterfranken.de\/index.php?rest_route=\/wp\/v2\/users\/1"}],"replies":[{"embeddable":true,"href":"https:\/\/www.trachtenverband-unterfranken.de\/index.php?rest_route=%2Fwp%2Fv2%2Fcomments&post=1515"}],"version-history":[{"count":0,"href":"https:\/\/www.trachtenverband-unterfranken.de\/index.php?rest_route=\/wp\/v2\/posts\/1515\/revisions"}],"wp:attachment":[{"href":"https:\/\/www.trachtenverband-unterfranken.de\/index.php?rest_route=%2Fwp%2Fv2%2Fmedia&parent=1515"}],"wp:term":[{"taxonomy":"category","embeddable":true,"href":"https:\/\/www.trachtenverband-unterfranken.de\/index.php?rest_route=%2Fwp%2Fv2%2Fcategories&post=1515"},{"taxonomy":"post_tag","embeddable":true,"href":"https:\/\/www.trachtenverband-unterfranken.de\/index.php?rest_route=%2Fwp%2Fv2%2Ftags&post=1515"}],"curies":[{"name":"wp","href":"https:\/\/api.w.org\/{rel}","templated":true}]}}