{"id":1523,"date":"2010-10-07T23:12:27","date_gmt":"2010-10-07T22:12:27","guid":{"rendered":"http:\/\/trachtenverband-unterfranken.de\/wordpress\/?p=1523"},"modified":"2010-10-07T23:12:27","modified_gmt":"2010-10-07T22:12:27","slug":"sommerhauser-kerwe-2010-wieder-ein-groser-erfolg","status":"publish","type":"post","link":"https:\/\/www.trachtenverband-unterfranken.de\/?p=1523","title":{"rendered":"Sommerh\u00e4user Kerwe 2010 \u2013 Wieder ein gro\u00dfer Erfolg"},"content":{"rendered":"<p>Der historische Burschenverein Sommerhausen hat am vergangen Wochenende seine traditionelle Kirchweih gefeiert. H\u00f6hepunkt war der Hammeltanz am Kirchweihdienstag. Wir gratulieren unserem Gaubeisitzer Werner Sch\u00f6nig (zugleich 1. Vorstand des histor. Burschenvereins Sommerhausen) und der Sommerh\u00e4user Schriftf\u00fchrerin Doris Bauer. Die beiden haben den Hammel gewonnen. Gl\u00fcckwunsch dem Hammelsiegerpaar!<\/p>\n\n","protected":false},"excerpt":{"rendered":"<p>Der historische Burschenverein Sommerhausen hat am vergangen Wochenende seine traditionelle Kirchweih gefeiert. H\u00f6hepunkt war der Hammeltanz am Kirchweihdienstag. Wir gratulieren unserem Gaubeisitzer Werner Sch\u00f6nig (zugleich 1. Vorstand des histor. Burschenvereins Sommerhausen) und der Sommerh\u00e4user Schriftf\u00fchrerin Doris Bauer. Die beiden haben den Hammel gewonnen. Gl\u00fcckwunsch dem Hammelsiegerpaar!<\/p>\n","protected":false},"author":1,"featured_media":0,"comment_status":"open","ping_status":"closed","sticky":false,"template":"","format":"standard","meta":{"footnotes":""},"categories":[1,9],"tags":[],"_links":{"self":[{"href":"https:\/\/www.trachtenverband-unterfranken.de\/index.php?rest_route=\/wp\/v2\/posts\/1523"}],"collection":[{"href":"https:\/\/www.trachtenverband-unterfranken.de\/index.php?rest_route=\/wp\/v2\/posts"}],"about":[{"href":"https:\/\/www.trachtenverband-unterfranken.de\/index.php?rest_route=\/wp\/v2\/types\/post"}],"author":[{"embeddable":true,"href":"https:\/\/www.trachtenverband-unterfranken.de\/index.php?rest_route=\/wp\/v2\/users\/1"}],"replies":[{"embeddable":true,"href":"https:\/\/www.trachtenverband-unterfranken.de\/index.php?rest_route=%2Fwp%2Fv2%2Fcomments&post=1523"}],"version-history":[{"count":0,"href":"https:\/\/www.trachtenverband-unterfranken.de\/index.php?rest_route=\/wp\/v2\/posts\/1523\/revisions"}],"wp:attachment":[{"href":"https:\/\/www.trachtenverband-unterfranken.de\/index.php?rest_route=%2Fwp%2Fv2%2Fmedia&parent=1523"}],"wp:term":[{"taxonomy":"category","embeddable":true,"href":"https:\/\/www.trachtenverband-unterfranken.de\/index.php?rest_route=%2Fwp%2Fv2%2Fcategories&post=1523"},{"taxonomy":"post_tag","embeddable":true,"href":"https:\/\/www.trachtenverband-unterfranken.de\/index.php?rest_route=%2Fwp%2Fv2%2Ftags&post=1523"}],"curies":[{"name":"wp","href":"https:\/\/api.w.org\/{rel}","templated":true}]}}