{"id":1540,"date":"2010-10-13T13:24:40","date_gmt":"2010-10-13T12:24:40","guid":{"rendered":"http:\/\/trachtenverband-unterfranken.de\/wordpress\/?p=1540"},"modified":"2010-10-13T13:24:40","modified_gmt":"2010-10-13T12:24:40","slug":"1540","status":"publish","type":"post","link":"https:\/\/www.trachtenverband-unterfranken.de\/?p=1540","title":{"rendered":"Fr\u00e4nkisches Tanzfest in Kolitzheim"},"content":{"rendered":"<p>Liebe Freunde des Fr\u00e4nkischen Tanzes,<\/p>\n<p>zum <strong>10. Fr\u00e4nkischen Tanzabend der Tanzgruppe Kolitzheim<\/strong><\/p>\n<p>am <strong>Samstag, den 13. November 2010 um 20.00 Uhr<\/strong><\/p>\n<p>im <strong>Sportheim in Kolitzheim<\/strong><\/p>\n<p>laden wir Sie ganz herzlich ein.<\/p>\n<p>Es spielen und singen f\u00fcr uns die Schrolla-Musikanten unter der Leitung von<br \/>\nAnton B\u00f6hm.<br \/>\nNeben fr\u00e4nkischen T\u00e4nzen wird auch die M\u00fcnchner Francaise  getanzt.<br \/>\nDie Tanzleitung \u00fcbernimmt Walter Richter.<\/p>\n<p>Hier k\u00f6nnen Sie die <a href=\"http:\/\/trachtenverband-unterfranken.de\/wordpress\/wp-content\/uploads\/2010\/10\/2010Einladung.pdf\" target=\"_blank\">Einladung herunterladen<\/a>.<\/p>\n<p>Wir freuen uns auf ein Wiedersehen in Kolitzheim und w\u00fcnschen sonnige<br \/>\nHerbsttage.<\/p>\n<p>Gr\u00fc\u00dfe aus Kolitzheim<\/p>\n<p>Christine Bender<\/p>\n<p><a href=\"http:\/\/trachtenverband-unterfranken.de\/wordpress\/wp-content\/uploads\/2010\/10\/2010Einladung.pdf\" target=\"_blank\">2010Einladung<\/a><\/p>\n","protected":false},"excerpt":{"rendered":"<p>Liebe Freunde des Fr\u00e4nkischen Tanzes, zum 10. Fr\u00e4nkischen Tanzabend der Tanzgruppe Kolitzheim am Samstag, den 13. November 2010 um 20.00 Uhr im Sportheim in Kolitzheim laden wir Sie ganz herzlich ein. Es spielen und singen f\u00fcr uns die Schrolla-Musikanten unter der Leitung von Anton B\u00f6hm. Neben fr\u00e4nkischen T\u00e4nzen wird auch die M\u00fcnchner Francaise getanzt. Die &hellip; <a href=\"https:\/\/www.trachtenverband-unterfranken.de\/?p=1540\" class=\"more-link\"><span class=\"screen-reader-text\">Fr\u00e4nkisches Tanzfest in Kolitzheim<\/span> weiterlesen<\/a><\/p>\n","protected":false},"author":1,"featured_media":0,"comment_status":"open","ping_status":"closed","sticky":false,"template":"","format":"standard","meta":{"footnotes":""},"categories":[9],"tags":[],"_links":{"self":[{"href":"https:\/\/www.trachtenverband-unterfranken.de\/index.php?rest_route=\/wp\/v2\/posts\/1540"}],"collection":[{"href":"https:\/\/www.trachtenverband-unterfranken.de\/index.php?rest_route=\/wp\/v2\/posts"}],"about":[{"href":"https:\/\/www.trachtenverband-unterfranken.de\/index.php?rest_route=\/wp\/v2\/types\/post"}],"author":[{"embeddable":true,"href":"https:\/\/www.trachtenverband-unterfranken.de\/index.php?rest_route=\/wp\/v2\/users\/1"}],"replies":[{"embeddable":true,"href":"https:\/\/www.trachtenverband-unterfranken.de\/index.php?rest_route=%2Fwp%2Fv2%2Fcomments&post=1540"}],"version-history":[{"count":0,"href":"https:\/\/www.trachtenverband-unterfranken.de\/index.php?rest_route=\/wp\/v2\/posts\/1540\/revisions"}],"wp:attachment":[{"href":"https:\/\/www.trachtenverband-unterfranken.de\/index.php?rest_route=%2Fwp%2Fv2%2Fmedia&parent=1540"}],"wp:term":[{"taxonomy":"category","embeddable":true,"href":"https:\/\/www.trachtenverband-unterfranken.de\/index.php?rest_route=%2Fwp%2Fv2%2Fcategories&post=1540"},{"taxonomy":"post_tag","embeddable":true,"href":"https:\/\/www.trachtenverband-unterfranken.de\/index.php?rest_route=%2Fwp%2Fv2%2Ftags&post=1540"}],"curies":[{"name":"wp","href":"https:\/\/api.w.org\/{rel}","templated":true}]}}