{"id":1560,"date":"2010-10-28T06:44:33","date_gmt":"2010-10-28T05:44:33","guid":{"rendered":"http:\/\/trachtenverband-unterfranken.de\/wordpress\/?p=1560"},"modified":"2010-10-28T06:44:33","modified_gmt":"2010-10-28T05:44:33","slug":"herbstversammlung-des-trachtenverband-unterfranken-e-v-am-17-10-2010-in-burghausen","status":"publish","type":"post","link":"https:\/\/www.trachtenverband-unterfranken.de\/?p=1560","title":{"rendered":"Herbstversammlung des Trachtenverband Unterfranken e.V. am 17.10.2010 in Burghausen"},"content":{"rendered":"<p>BURGHAUSEN. Wahrscheinlich kommt es nicht oft vor, dass ein kleiner Verein Ausrichter von etwas ganz gro\u00dfem ist. Mit der DJK Burghausen hat sich aber ein etablierter Partner in Sachen G\u00e4stebewirtung in heimischer Atmosph\u00e4re gefunden. Dieses Angebot hat am Sonntag, den 17.10. auch der traditionsreiche Trachtenverband Unterfranken angenommen und sich im schmucken Sportheim von Burghausen eingefunden, um seine Herbstversammlung abzuhalten. Von Stadtprozelten bis Abtsroda waren s\u00e4mtliche Vorst\u00e4nde vertreten und repr\u00e4sentierten Brauchtum und fr\u00e4nkische Verbundenheit mit ihrem Verein. Der 1.B\u00fcrgermeister der Gro\u00dfgemeinde Wasserlosen G\u00fcnter Jakob er\u00f6ffnete die Sitzung, stellte die Gemeinde Wasserlosen als Gesamtheit vor. Die DJK Burghausen lobte er in Sachen Vereinsarbeit und Ausrichter vieler reibungslos verlaufender Veranstaltungen der Vergangenheit und auch der Zukunft \u201eVon au\u00dfen klein \u2013 aber von innen ganz gro\u00df!\u201c Die Pr\u00e4sentation des Sportvereins DJK Burghausen \u00fcbernahm im Anschluss der 1.Vorstand Walter Weidner pers\u00f6nlich und konzentrierte sich dabei auf die sportlichen H\u00f6hepunkte des noch jungen aber sehr aktiven Vereins. Die 1.Vorsitzende der DJK Trachtengruppe Beate Keller f\u00fchrte danach in die Historie, Geschichte und Tradition der Trachtengruppe Burghausen ein und nannte markante Ereignisse wie die Teilnahme am M\u00fcnchner Oktoberfestumzug 1990, das gro\u00dfe Bezirkstrachtenfest 1989 in Burghausen und in j\u00fcngster Vergangenheit auch die Teilnahme beim Umzug in Volkach anl\u00e4sslich der 1100 Jahr Feier, was sogar live im TV zu sehen war. Personell wurde Helga Maldet f\u00fcr ihr 20 j\u00e4hriges ehrenamtliches Engagement als Schriftf\u00fchrerin der Trachtengruppe mit Applaus gelobt und gew\u00fcrdigt. In Einstimmung und um die Wertigkeit der Veranstaltung in Burghausen herauszustellen er\u00f6ffnete der 1.Vorsitzende des Trachtenverbandes Oliver Brust seine Rede mit dem Singen der fr\u00e4nkischen Trachtenhymne. \u201cWohlan ihr Trachtenbr\u00fcder, wir reichen uns die Hand \u2013 nicht Reichtum und nicht G\u00fcter uns diese Treue band. \u2013 Der Wille unsrer Ahnen und auch ihr letzter Hauch, &#8211; sie wollen uns ermahnen zum guten alten Brauch.\u201c , so schallte es durch den pr\u00e4chtigen Sportheimsaal von Burghausen, als sich die G\u00e4ste von ihren St\u00fchlen erhoben und zu den Schifferklaviert\u00f6nen der Gaumusikwarte Peter Kluge und Thilo Weiskopf jubilierten. Oliver Brust unterstrich in seiner Ansprache, dass das Jahr 2010 ein \u201eMammutjahr\u201c f\u00fcr den Verband war und sehr viel Engagement erfordert hat. Hier wurden z.B. das Gesamtbayerische Tanzfest in Hinterskirchen, die Fernsehsendung \u201eTrachtler und Musikanten aus Unterfranken\u201c, die Trachtenwallfahrt nach Maria Buchen, das Donaugautrachtenfest in Manching, das unterfr. Gautrachtenfest in R\u00f6thlein, die Pr\u00e4sentation von Kirchweihbrauchtum auf dem Gredinger Trachtenmarkt sowie der Besuch des brasilianischen Mitgliedsvereins im Trachtenverband Unterfranken e.V., der Blumenauer Volkstanzgruppe in Blumenau (Santa Catarina, Brasilien) erw\u00e4hnt. Die Stadt Blumenau wurde um 1850 vom deutschen Apotheker Hermann Blumenau gegr\u00fcndet. Die Blumenauer Volkstanzgruppe tr\u00e4gt die Schweinfurter Gautracht. Im S\u00fcden Brasiliens gibt es noch eine andere Gruppe mit einer Rh\u00f6ner Tracht, wie man beim Besuch in Brasilien festgestellt hat. Au\u00dferdem kam ein kritisches Thema zur Ansprache. N\u00e4mlich, dass es immer mehr Franken gibt, die sich in s\u00fcdbayrischen Lederhosen oder Dirndl im &#8222;Oktoberfestlook&#8220; bzw. Landhausstil \u201everkleiden\u201c statt sich \u201efr\u00e4nkisch\u201c zu kleiden. Daf\u00fcr w\u00fcrde sich die Konzipierung einer neuen, luftig leichten, aber an alten Vorlagen orientierten fr\u00e4nkischen Tracht anl\u00e4sslich des 2011 in Bad Kissingen stattfindenden \u201eTag der Franken\u201c bestens anbieten. Oliver Brust w\u00fcrde dieses Vorhaben sogar als Projekt \u201eFr\u00e4nkische Tracht\u201c ins Leben rufen. Des Weiteren bietet der Trachtenverband Unterfranken ein breites Angebot an Schulungen und Information zur Tracht, zu den T\u00e4nzen, zu Musik und Gesang sowie zu Mundart und Brauchtum. Der Trachtenverband Unterfranken ist der 22. Gauverband im Bayerischen Trachtenverband. Gegr\u00fcndet wurde er 1947 und war bis 2006 Mitglied als Bezirksverband der Vereinigung bayerischer Volkstrachtenvereine links der Donau. Seit dem 24.09.2006 ist der Trachtenverband Unterfranken ein eigener Gau im Bayerischen Trachtenverband e.V. Dieser Gau z\u00e4hlt ca. 4000 erwachsene und ca. 2000 jugendliche Mitglieder \u2013 eben auch die Trachtengruppe Burghausen. Bevor dann der Hunger mit knusprigen Burgunderbraten, Kl\u00f6\u00dfen und Blaukraut aus der Sportheimk\u00fcche von Burghausen gestillt werden konnte ergriff der 2.Vorsitzende des Trachtenverbandes Manfred Sitzmann aus der Rh\u00f6n das Wort. Er erw\u00e4hnte ein noch von Edmund Stoiber in Leben gerufenes Umweltbildungsprojekt \u201eGr\u00fcnes Klassenzimmer\u201c in Oberelsbach, wo Jugendvertreter wie auch Vereinsvertreter ein breites Angebot an Bildungsma\u00dfnahmen inmitten des Biosph\u00e4renreservates Rh\u00f6n wahrnehmen k\u00f6nnen. Ein Dank an alle Helfer die an diesem Tag dazu beigetragen haben, dass der Wahlspruch des Trachtenverbandes Unterfranken e.V. \u201eTreu dem guten alten Brauch\u201c weiter gelebt und unterst\u00fctzt wird.<\/p>\n<p>Autor Andreas Sauer, Burghausen<\/p>\n<figure id=\"attachment_1576\" aria-describedby=\"caption-attachment-1576\" style=\"width: 440px\" class=\"wp-caption aligncenter\"><a rel=\"attachment wp-att-1576\" href=\"http:\/\/trachtenverband-unterfranken.de\/wordpress\/?attachment_id=1576\"><img loading=\"lazy\" decoding=\"async\" class=\"size-medium wp-image-1576\" title=\"Bild Herbstversammlung Trachtenverband in Burghausen\" src=\"http:\/\/trachtenverband-unterfranken.de\/wordpress\/wp-content\/uploads\/2010\/10\/Bild-Herbstversammlung-Trachtenverband-in-Burghausen-440x330.jpg\" alt=\"von links: 1.Vorstand DJK Burghausen Walter Weidner, 2. Vorsitzender Trachtenverband Ufr. Manfred Sitzmann, 1. Vorsitzender Trachtenverband Ufr. Oliver Brust, Gemeinderat und Aufstiegstrainer DJK Burghausen Reinhard Keller, 1. Vorsitzende Trachtengruppe Burghausen Beate Keller, 2. Vorsitzende Trachtengruppe Burghausen Karin Pl\u00f6\u00dfner\" width=\"440\" height=\"330\" \/><\/a><figcaption id=\"caption-attachment-1576\" class=\"wp-caption-text\">von links: 1.Vorstand DJK Burghausen Walter Weidner, 2. Vorsitzender Trachtenverband Ufr. Manfred Sitzmann, 1. Vorsitzender Trachtenverband Ufr. Oliver Brust, Gemeinderat und Aufstiegstrainer DJK Burghausen Reinhard Keller, 1. Vorsitzende Trachtengruppe Burghausen Beate Keller, 2. Vorsitzende Trachtengruppe Burghausen Karin Pl\u00f6\u00dfner<\/figcaption><\/figure>\n","protected":false},"excerpt":{"rendered":"<p>BURGHAUSEN. Wahrscheinlich kommt es nicht oft vor, dass ein kleiner Verein Ausrichter von etwas ganz gro\u00dfem ist. Mit der DJK Burghausen hat sich aber ein etablierter Partner in Sachen G\u00e4stebewirtung in heimischer Atmosph\u00e4re gefunden. Dieses Angebot hat am Sonntag, den 17.10. auch der traditionsreiche Trachtenverband Unterfranken angenommen und sich im schmucken Sportheim von Burghausen eingefunden, &hellip; <a href=\"https:\/\/www.trachtenverband-unterfranken.de\/?p=1560\" class=\"more-link\"><span class=\"screen-reader-text\">Herbstversammlung des Trachtenverband Unterfranken e.V. am 17.10.2010 in Burghausen<\/span> weiterlesen<\/a><\/p>\n","protected":false},"author":1,"featured_media":0,"comment_status":"closed","ping_status":"closed","sticky":false,"template":"","format":"standard","meta":{"footnotes":""},"categories":[1,13,14,7,11,12],"tags":[21],"_links":{"self":[{"href":"https:\/\/www.trachtenverband-unterfranken.de\/index.php?rest_route=\/wp\/v2\/posts\/1560"}],"collection":[{"href":"https:\/\/www.trachtenverband-unterfranken.de\/index.php?rest_route=\/wp\/v2\/posts"}],"about":[{"href":"https:\/\/www.trachtenverband-unterfranken.de\/index.php?rest_route=\/wp\/v2\/types\/post"}],"author":[{"embeddable":true,"href":"https:\/\/www.trachtenverband-unterfranken.de\/index.php?rest_route=\/wp\/v2\/users\/1"}],"replies":[{"embeddable":true,"href":"https:\/\/www.trachtenverband-unterfranken.de\/index.php?rest_route=%2Fwp%2Fv2%2Fcomments&post=1560"}],"version-history":[{"count":0,"href":"https:\/\/www.trachtenverband-unterfranken.de\/index.php?rest_route=\/wp\/v2\/posts\/1560\/revisions"}],"wp:attachment":[{"href":"https:\/\/www.trachtenverband-unterfranken.de\/index.php?rest_route=%2Fwp%2Fv2%2Fmedia&parent=1560"}],"wp:term":[{"taxonomy":"category","embeddable":true,"href":"https:\/\/www.trachtenverband-unterfranken.de\/index.php?rest_route=%2Fwp%2Fv2%2Fcategories&post=1560"},{"taxonomy":"post_tag","embeddable":true,"href":"https:\/\/www.trachtenverband-unterfranken.de\/index.php?rest_route=%2Fwp%2Fv2%2Ftags&post=1560"}],"curies":[{"name":"wp","href":"https:\/\/api.w.org\/{rel}","templated":true}]}}