{"id":1561,"date":"2010-10-26T22:50:53","date_gmt":"2010-10-26T21:50:53","guid":{"rendered":"http:\/\/trachtenverband-unterfranken.de\/wordpress\/?p=1561"},"modified":"2010-10-26T22:50:53","modified_gmt":"2010-10-26T21:50:53","slug":"galderschummer-kerwa-vom-19-22-11-2010","status":"publish","type":"post","link":"https:\/\/www.trachtenverband-unterfranken.de\/?p=1561","title":{"rendered":"Galderschummer Kerwa vom 19.-22.11.2010"},"content":{"rendered":"<p>Die Fichtenpaare 2010 und der Verein f. Heimat- u. Brauchtumspflege Geldersheim e.V. laden Euch herzlich zur traditionellen Kerwa nach Geldersheim ein. Seit 1764 wird bei uns die Kirchweih am Sonntag vor dem ersten Advent gefeiert. Eine traditionelle Kirchweih im Winter, auf die wir besonders stolz sind. Stolz sind wir vom Verein f. Heimat- u. Brauchtumspflege Geldersheim e.V. in diesem Jahr besonders auf unsere 11 Fichtenpaare, die wir Ihnen heute vorstellen m\u00f6chten:<\/p>\n<p>Simon Seifert und Hanna H\u00fcmmer<\/p>\n<p>Christoph Hammer und Sina Lutz<\/p>\n<p>Fabian Schulz und Anna Lauerbach<\/p>\n<p>Stefan Riegler\u00a0 und Nadine H\u00fcbner<\/p>\n<p>Marius Hammer und Laura Habermann<\/p>\n<p>Daniel Treutlein und Kristina Schmittfull<\/p>\n<p>David Full und Eva F\u00f6rtsch<\/p>\n<p>Thorsten Schlereth und Lisa Fu\u00df<\/p>\n<p>Sebastian M\u00fcller und Alisa Neeb<\/p>\n<p>Philipp Erhard und Mary Durham<\/p>\n<p>Matthias Fenn und Sabrina Geb<\/p>\n<figure id=\"attachment_1571\" aria-describedby=\"caption-attachment-1571\" style=\"width: 432px\" class=\"wp-caption aligncenter\"><a rel=\"attachment wp-att-1571\" href=\"http:\/\/trachtenverband-unterfranken.de\/wordpress\/?attachment_id=1571\"><img loading=\"lazy\" decoding=\"async\" class=\"size-full wp-image-1571  \" title=\"image0006_600x600_100KB\" src=\"http:\/\/trachtenverband-unterfranken.de\/wordpress\/wp-content\/uploads\/2010\/10\/image0006_600x600_100KB1.jpg\" alt=\"\" width=\"432\" height=\"323\" \/><\/a><figcaption id=\"caption-attachment-1571\" class=\"wp-caption-text\">von links nach rechts: 1. Vors. Wilfried Brust, Laura Habermann, Kristina Schmittfull, Sina Lutz, Mary Durham, Alisa Neeb, Nadine H\u00fcbner, Tanzleiterin Ida Bartenstein. 2. Reihe v. links nach rechts: 1. BGM Ruth-Hanna Gube, Eva F\u00f6rtsch, Lisa Fu\u00df, Anna Lauerbach, Sabrina Geb, Hanna H\u00fcmmer, Tanzleiter Oliver Brust. 3. Reihe v.l.n.r. Christoph Hammer, Thorsten Schlereth, Daniel Treutlein, Philipp Erhard, Fabian Schulz, David Full, Simon Seifert, Matthias Fenn, Marius Hammer. Auf dem Bild fehlen Stefan Riegler und Sebastian M\u00fcller.<\/figcaption><\/figure>\n<p>Die Fichtenpaare stellen sich am Mittwoch vor der Kirchweih dem Gemeinderat vor und er\u00f6ffnen am Kirchweihfreitag die Kirchweih im Tanzsaal. Zuvor stimmen sich die G\u00e4ste im Saal mit dem Lied \u201eMir sin sou garn in Galderschum und fr\u00e4\u00e4n uns, dass der alle kummt\u201c auf die Kerwa 2010 ein, bis es hei\u00dft: \u201eAuf geht\u2019s zur Kerwa 2010! Begr\u00fc\u00dft die Fichtenpaare!\u201c Alle G\u00e4ste im Saal stehen auf und die Fichtenpaare ziehen ein. Die M\u00e4dchen tragen die Tanztracht und die Burschen Frack und Zylinder. Nach einer Ehrentour (Walzer, Bauramadla, Schottisch und Dreher) folgt die Kirchweihrede eines Fichtenburschen, anschlie\u00dfend ist der Tanz frei f\u00fcr alle Kirchweihbesucher aus nah und fern. Zum Tanz spielen auch heuer wieder die Schrolla-Musikanten aus Vasb\u00fchl.<\/p>\n<p>Am Kirchweihsamstagvormittag holen die Burschen gekleidet in der Arbeitstracht zusammen mit dem Musikverein Geldersheim die Fichtenm\u00e4dchen ab und stellen am Nachmittag die Fichten an den Wirtschaften auf. Unterst\u00fctzt werden wir hier vom Peter Werner mit seinem Pferdegespann. F\u00fcr den Nachmittag ist folgende Route geplant: 12.20 Uhr Kegelbahn, 13.00 Uhr Bgm. Gube, Flugplatzstra\u00dfe, 13.40 Uhr Sportheim, 14.15 Uhr Sch\u00fctzenklause, 14.45 Pfarrer Barth, 15.10 Uhr Fr\u00e4nk. Hof, 15.45 Pfarrheim und 16.15 Uhr Reiterm\u00fchle. (Die Zeiten k\u00f6nnen abweichen, wir bitten da um Verst\u00e4ndnis) Wir laden alle Freunde der Kirchweih herzlich zum Hauruck-Schreien und auch zum Mittanzen an den Wirtschaften ein. Am Abend besuchen die Fichtenpaare den Tanz des FC im Sportheim (siehe zu dieser Veranstaltung die separate Ank\u00fcndigung des Sportvereins).<\/p>\n<p>Den Kirchweihsonntag, an dem die Fichtenm\u00e4dchen mit K\u00f6rres und Kr\u00e4nzle und die Burschen mit Frack und Zylinder zu sehen sind, beginnen die Fichtenpaare mit einem Festgottesdienst um 10.30 Uhr in unserer sch\u00f6nen Pfarrkirche. Am Nachmittag um 14.00 Uhr findet der traditionelle Hammeltanz mit dem Musikverein Geldersheim auf dem Marktplatz (Oberdorf) statt. Hier wird um unseren Kirchweihschaffer Winfried Huppmann mit seinem Kirchweih-Hammel \u201eLissy\u201c herum getanzt und ein Blumenstrau\u00df dabei weitergereicht. Dasjenige Paar, das beim Klingeln des Weckers, der zuvor in der Mitte des Kreises abgestellt wurde, den Buschen in der Hand h\u00e4lt, ist Gewinner des Hammeltanzes und wird gro\u00df gefeiert. Im Anschluss wartet auf die G\u00e4ste eine gro\u00dfe Kaffeebar im Fr\u00e4nkischen Hof mit einer reichhaltigen Auswahl an leckeren Torten und Kuchen. Zum Tanz im Saal spielen die Galderschummer Schlapperflicker. Ein e Neuerung der diesj\u00e4hrigen Kirchweih ist der Fackelumzug am Sonntagabend um 19.30 Uhr. Wir werden mit der Geldersheimer Musik zum Hammelk\u00f6nigspaar ziehen und dieses nach einem Umtrunk zum Fr\u00e4nkischen Hof begleiten. Dort wird noch weiter Kirchweihbetrieb stattfinden.<\/p>\n<p>Am Montagnachmittag besuchen die Fichtenpaare die Seniorenkirchweih im Pfarrheim und zeigen so, dass an der Kerwa alle miteinander \u2013 ob jung und ob alt \u2013 feiern k\u00f6nnen! Am Abend um 19.30 Uhr laden die Trachtler dann wieder in den Saal des fr\u00e4nkischen Hofs zum fr\u00e4nkischen Kirchweihtanz bei Kerzenschein ein. Hier spielen wieder die Galderschummer Schlapperflicker. Gerade der Montagabend ist ein idealer Abend zum Tanzen. Es geht nicht mehr ganz zu st\u00fcrmisch zu, wie am Kirchweihfreitag und wir lassen dann um 23.30 Uhr die Kirchweih mit dem traditionellen Kehraus ausklingen. Dann werden 4 anstrengende aber sehr fr\u00f6hliche Tage hinter den Fichtenpaaren und allen Kirchweihfreunden liegen und alle werden sich nach ein paar Tagen Pause auf das abschlie\u00dfende Hammelessen am Freitag 26.11.2010 um 20.00 Uhr im Sportheim freuen. Beim Hammelessen wird noch einmal getanzt, gesungen und viel gelacht bis es dann hei\u00dft, die Kirchweih 2010 zu begraben.<\/p>\n<p style=\"text-align: center;\">\n<figure id=\"attachment_1563\" aria-describedby=\"caption-attachment-1563\" style=\"width: 432px\" class=\"wp-caption aligncenter\"><a rel=\"attachment wp-att-1563\" href=\"http:\/\/trachtenverband-unterfranken.de\/wordpress\/?attachment_id=1563\"><img loading=\"lazy\" decoding=\"async\" class=\"size-full wp-image-1563  \" title=\"image0015_600x600_100KB\" src=\"http:\/\/trachtenverband-unterfranken.de\/wordpress\/wp-content\/uploads\/2010\/10\/image0015_600x600_100KB.jpg\" alt=\"vlnr: Mary Durham, Nadine H\u00fcbner, Lisa Fu\u00df, Anna Lauerbach, Eva F\u00f6rtsch, Alisa Neeb, Sina Lutz, Kristina Schmittfull, Sabrina Geb, Hanna H\u00fcmmer, Laura Habermann. \" width=\"432\" height=\"323\" \/><\/a><figcaption id=\"caption-attachment-1563\" class=\"wp-caption-text\">vlnr: Mary Durham, Nadine H\u00fcbner, Lisa Fu\u00df, Anna Lauerbach, Eva F\u00f6rtsch, Alisa Neeb, Sina Lutz, Kristina Schmittfull, Sabrina Geb, Hanna H\u00fcmmer, Laura Habermann. <\/figcaption><\/figure>\n<figure id=\"attachment_1565\" aria-describedby=\"caption-attachment-1565\" style=\"width: 432px\" class=\"wp-caption aligncenter\"><a rel=\"attachment wp-att-1565\" href=\"http:\/\/trachtenverband-unterfranken.de\/wordpress\/?attachment_id=1565\"><img loading=\"lazy\" decoding=\"async\" class=\"size-full wp-image-1565  \" title=\"image0022_600x600_100KB\" src=\"http:\/\/trachtenverband-unterfranken.de\/wordpress\/wp-content\/uploads\/2010\/10\/image0022_600x600_100KB.jpg\" alt=\"vlnr. Daniel Treutlein, David Full, Fabian Schulz, Sebastian M\u00fcller, Matthias Fenn, Philipp Erhard, Simona Seifert, Christoph Hammer, Thorsten Schlereth, Marius Hammer. Es fehlt: Stefan Riegler\" width=\"432\" height=\"323\" \/><\/a><figcaption id=\"caption-attachment-1565\" class=\"wp-caption-text\">vlnr. Daniel Treutlein, David Full, Fabian Schulz, Sebastian M\u00fcller, Matthias Fenn, Philipp Erhard, Simona Seifert, Christoph Hammer, Thorsten Schlereth, Marius Hammer. Es fehlt: Stefan Riegler<\/figcaption><\/figure>\n","protected":false},"excerpt":{"rendered":"<p>Die Fichtenpaare 2010 und der Verein f. Heimat- u. Brauchtumspflege Geldersheim e.V. laden Euch herzlich zur traditionellen Kerwa nach Geldersheim ein. Seit 1764 wird bei uns die Kirchweih am Sonntag vor dem ersten Advent gefeiert. Eine traditionelle Kirchweih im Winter, auf die wir besonders stolz sind. Stolz sind wir vom Verein f. Heimat- u. Brauchtumspflege &hellip; <a href=\"https:\/\/www.trachtenverband-unterfranken.de\/?p=1561\" class=\"more-link\"><span class=\"screen-reader-text\">Galderschummer Kerwa vom 19.-22.11.2010<\/span> weiterlesen<\/a><\/p>\n","protected":false},"author":1,"featured_media":0,"comment_status":"open","ping_status":"closed","sticky":false,"template":"","format":"standard","meta":{"footnotes":""},"categories":[1,9],"tags":[],"_links":{"self":[{"href":"https:\/\/www.trachtenverband-unterfranken.de\/index.php?rest_route=\/wp\/v2\/posts\/1561"}],"collection":[{"href":"https:\/\/www.trachtenverband-unterfranken.de\/index.php?rest_route=\/wp\/v2\/posts"}],"about":[{"href":"https:\/\/www.trachtenverband-unterfranken.de\/index.php?rest_route=\/wp\/v2\/types\/post"}],"author":[{"embeddable":true,"href":"https:\/\/www.trachtenverband-unterfranken.de\/index.php?rest_route=\/wp\/v2\/users\/1"}],"replies":[{"embeddable":true,"href":"https:\/\/www.trachtenverband-unterfranken.de\/index.php?rest_route=%2Fwp%2Fv2%2Fcomments&post=1561"}],"version-history":[{"count":0,"href":"https:\/\/www.trachtenverband-unterfranken.de\/index.php?rest_route=\/wp\/v2\/posts\/1561\/revisions"}],"wp:attachment":[{"href":"https:\/\/www.trachtenverband-unterfranken.de\/index.php?rest_route=%2Fwp%2Fv2%2Fmedia&parent=1561"}],"wp:term":[{"taxonomy":"category","embeddable":true,"href":"https:\/\/www.trachtenverband-unterfranken.de\/index.php?rest_route=%2Fwp%2Fv2%2Fcategories&post=1561"},{"taxonomy":"post_tag","embeddable":true,"href":"https:\/\/www.trachtenverband-unterfranken.de\/index.php?rest_route=%2Fwp%2Fv2%2Ftags&post=1561"}],"curies":[{"name":"wp","href":"https:\/\/api.w.org\/{rel}","templated":true}]}}