{"id":160,"date":"2007-07-07T18:35:13","date_gmt":"2007-07-07T17:35:13","guid":{"rendered":"http:\/\/trachtenverband-unterfranken.de\/wordpress\/?p=160"},"modified":"2007-07-07T18:35:13","modified_gmt":"2007-07-07T17:35:13","slug":"impressum","status":"publish","type":"post","link":"https:\/\/www.trachtenverband-unterfranken.de\/?p=160","title":{"rendered":"Impressum"},"content":{"rendered":"<p>Trachtenverband Unterfranken e.V.<br \/>\nUnterdorf 29<br \/>\n97505 Geldersheim<br \/>\noliver.brust@trachtenverband-unterfranken.deDiese E-Mail Adresse ist gegen Spam Bots gesch\u00fctzt, du musst Javascript aktivieren, damit du sie sehen kannst<br \/>\nwww.trachtenverband-unterfranken.de <\/p>\n<p>Vertretungsberechtigter 1. Vorstand: Oliver Brust<br \/>\nUnterdorf 29<br \/>\n97505 Geldersheim<br \/>\nTel. 09721\/802423<br \/>\nFax 01805-060 334 51316<br \/>\nHandy: 0160-2455067<br \/>\nEmail: oliver.brust@trachtenverband-unterfranken.deDiese E-Mail Adresse ist gegen Spam Bots gesch\u00fctzt, du musst Javascript aktivieren, damit du sie sehen kannst <\/p>\n<p>Vertretungsberechtigter 2. Vorstand:<br \/>\nManfred Sitzmann<br \/>\nHerrengarten 19<br \/>\n97656 Oberelsbach<br \/>\nTel. + Fax 09774 \/ 850163<br \/>\nEmail: manfred.sitzmann@trachtenverband-unterfranken.deDiese E-Mail Adresse ist gegen Spam Bots gesch\u00fctzt, du musst Javascript aktivieren, damit du sie sehen kannst <\/p>\n<p>Webmaster<br \/>\nMatthias Fenn<br \/>\nKarolingerstra\u00dfe 28<br \/>\n97505 Geldersheim<br \/>\nEmail: info@trachtenverband-unterfranken.deDiese E-Mail Adresse ist gegen Spam Bots gesch\u00fctzt, du musst Javascript aktivieren, damit du sie sehen kannst <\/p>\n<p>Eingetragen im Vereinsregister beim Amtsgericht W\u00fcrzburg unter der Registernr. 1595 <\/p>\n<p>Haftungshinweis: Trotz sorgf\u00e4ltiger inhaltlicher Kontrolle \u00fcbernehmen wir keine Haftung f\u00fcr die Inhalte externer Links. F\u00fcr den Inhalt der verlinkten Seiten sind ausschlie\u00dflich deren Betreiber verantwortlich. <\/p>\n","protected":false},"excerpt":{"rendered":"<p>Trachtenverband Unterfranken e.V.<br \/>\nUnterdorf 29<br \/>\n97505 Geldersheim<br \/>\noliver.brust@trachtenverband-unterfranken.deDiese E-Mail Adresse ist gegen Spam Bots gesch\u00fctzt, du musst Javascript aktivieren, damit du sie sehen kannst<br \/>\nwww.trachtenverband-unterfranken.de <\/p>\n","protected":false},"author":1,"featured_media":0,"comment_status":"open","ping_status":"open","sticky":false,"template":"","format":"standard","meta":{"footnotes":""},"categories":[1],"tags":[],"_links":{"self":[{"href":"https:\/\/www.trachtenverband-unterfranken.de\/index.php?rest_route=\/wp\/v2\/posts\/160"}],"collection":[{"href":"https:\/\/www.trachtenverband-unterfranken.de\/index.php?rest_route=\/wp\/v2\/posts"}],"about":[{"href":"https:\/\/www.trachtenverband-unterfranken.de\/index.php?rest_route=\/wp\/v2\/types\/post"}],"author":[{"embeddable":true,"href":"https:\/\/www.trachtenverband-unterfranken.de\/index.php?rest_route=\/wp\/v2\/users\/1"}],"replies":[{"embeddable":true,"href":"https:\/\/www.trachtenverband-unterfranken.de\/index.php?rest_route=%2Fwp%2Fv2%2Fcomments&post=160"}],"version-history":[{"count":0,"href":"https:\/\/www.trachtenverband-unterfranken.de\/index.php?rest_route=\/wp\/v2\/posts\/160\/revisions"}],"wp:attachment":[{"href":"https:\/\/www.trachtenverband-unterfranken.de\/index.php?rest_route=%2Fwp%2Fv2%2Fmedia&parent=160"}],"wp:term":[{"taxonomy":"category","embeddable":true,"href":"https:\/\/www.trachtenverband-unterfranken.de\/index.php?rest_route=%2Fwp%2Fv2%2Fcategories&post=160"},{"taxonomy":"post_tag","embeddable":true,"href":"https:\/\/www.trachtenverband-unterfranken.de\/index.php?rest_route=%2Fwp%2Fv2%2Ftags&post=160"}],"curies":[{"name":"wp","href":"https:\/\/api.w.org\/{rel}","templated":true}]}}