{"id":1991,"date":"2011-05-14T17:39:01","date_gmt":"2011-05-14T15:39:01","guid":{"rendered":"http:\/\/www.trachtenverband-unterfranken.de\/?p=1991"},"modified":"2011-05-14T17:39:01","modified_gmt":"2011-05-14T15:39:01","slug":"bayerns-trachtler-bei-csu-landesgruppen-vorsitzender-gerda-hasselfeldt","status":"publish","type":"post","link":"https:\/\/www.trachtenverband-unterfranken.de\/?p=1991","title":{"rendered":"Bayerns Trachtler bei CSU-Landesgruppen-Vorsitzender Gerda Hasselfeldt"},"content":{"rendered":"<p>Berlin-Bayern (h\u00f6) \u2013 Das Ehrenamt, die Ladenschluss-Zeiten, b\u00fcrokratische H\u00fcrden, das Sch\u00fctzen der deutschen Sprache und Familienthemen standen auf der Tagesordnung, als sich der Vorstand des Bayerischen Trachtenverbandes und eine gro\u00dfe Anzahl von Gauvorst\u00e4nden mit der CSU-Landesgruppen-Vorsitzenden im Deutschen Bundestag Gerda Hasselfeldt trafen. Die  recht lebendige Aussprache im Jakob-Kaiser-Haus war Teil einer politischen Bildungsreise der bayerischen Trachtenverantwortlichen. Dabei erl\u00e4uterte die aus Niederbayern stammende und f\u00fcr den Wahlkreis F\u00fcrstenfeldbruck und Dachau t\u00e4tige Gerda Hasselfeldt auch ihre  f\u00fcnfj\u00e4hrigen Erfahrungen als Vizepr\u00e4sidentin des Deutschen Bundestags. \u201eEin Patentrezept, wie man steigenden beruflichen Anforderungen entgegentritt, um f\u00fcr Ehrenamt, Vereine und Familie mehr Zeit zu finden, haben wir nicht, aber wir werden von der Kommune bis zur Bundesregierung weitere Anstrengungen unternehmen, dass es positive Rahmenbedingungen f\u00fcr die Aktiven der Gesellschaft gibt\u201c, so die Abgeordnete zu den Trachtlern. Landesvorsitzender Otto Dufter bedankte sich bei Gerda Hasselfeldt mit einem j\u00fcngst vom Haus der Bayerischen Geschichte herausgegebenen Sonderheft zum Thema \u201ePh\u00e4nomen Tracht\u201c.<\/p>\n<div id='gallery-1' class='gallery galleryid-1991 gallery-columns-3 gallery-size-thumbnail'><figure class='gallery-item'>\n\t\t\t<div class='gallery-icon landscape'>\n\t\t\t\t<a href='https:\/\/www.trachtenverband-unterfranken.de\/wp-content\/uploads\/2011\/05\/K640_1GerdaHasselfeldtmitOtto-Dufter.jpg'><img loading=\"lazy\" decoding=\"async\" width=\"150\" height=\"150\" src=\"https:\/\/www.trachtenverband-unterfranken.de\/wp-content\/uploads\/2011\/05\/K640_1GerdaHasselfeldtmitOtto-Dufter-150x150.jpg\" class=\"attachment-thumbnail size-thumbnail\" alt=\"\" \/><\/a>\n\t\t\t<\/div><\/figure><figure class='gallery-item'>\n\t\t\t<div class='gallery-icon landscape'>\n\t\t\t\t<a href='https:\/\/www.trachtenverband-unterfranken.de\/wp-content\/uploads\/2011\/05\/K640_1TrachtengruppemitGerdaHasselfeldt.jpg'><img loading=\"lazy\" decoding=\"async\" width=\"150\" height=\"150\" src=\"https:\/\/www.trachtenverband-unterfranken.de\/wp-content\/uploads\/2011\/05\/K640_1TrachtengruppemitGerdaHasselfeldt-150x150.jpg\" class=\"attachment-thumbnail size-thumbnail\" alt=\"\" \/><\/a>\n\t\t\t<\/div><\/figure>\n\t\t<\/div>\n\n<p>Fotos: 1. Otto Dufter \u00fcbereicht Gerda Hasselfeldt das Sonderheft Tracht<br \/>\n2. Gruppenaufnahme der Bayerischen Trachtler mit Gerda Hasselfeldt <\/p>\n<p>Weitere Informationen: Otto Dufter, Telefon 08641-8779<\/p>\n","protected":false},"excerpt":{"rendered":"<p>Berlin-Bayern (h\u00f6) \u2013 Das Ehrenamt, die Ladenschluss-Zeiten, b\u00fcrokratische H\u00fcrden, das Sch\u00fctzen der deutschen Sprache und Familienthemen standen auf der Tagesordnung, als sich der Vorstand des Bayerischen Trachtenverbandes und eine gro\u00dfe Anzahl von Gauvorst\u00e4nden mit der CSU-Landesgruppen-Vorsitzenden im Deutschen Bundestag Gerda Hasselfeldt trafen. Die recht lebendige Aussprache im Jakob-Kaiser-Haus war Teil einer politischen Bildungsreise der bayerischen &hellip; <a href=\"https:\/\/www.trachtenverband-unterfranken.de\/?p=1991\" class=\"more-link\"><span class=\"screen-reader-text\">Bayerns Trachtler bei CSU-Landesgruppen-Vorsitzender Gerda Hasselfeldt<\/span> weiterlesen<\/a><\/p>\n","protected":false},"author":3,"featured_media":0,"comment_status":"closed","ping_status":"closed","sticky":false,"template":"","format":"standard","meta":{"footnotes":""},"categories":[9],"tags":[],"_links":{"self":[{"href":"https:\/\/www.trachtenverband-unterfranken.de\/index.php?rest_route=\/wp\/v2\/posts\/1991"}],"collection":[{"href":"https:\/\/www.trachtenverband-unterfranken.de\/index.php?rest_route=\/wp\/v2\/posts"}],"about":[{"href":"https:\/\/www.trachtenverband-unterfranken.de\/index.php?rest_route=\/wp\/v2\/types\/post"}],"author":[{"embeddable":true,"href":"https:\/\/www.trachtenverband-unterfranken.de\/index.php?rest_route=\/wp\/v2\/users\/3"}],"replies":[{"embeddable":true,"href":"https:\/\/www.trachtenverband-unterfranken.de\/index.php?rest_route=%2Fwp%2Fv2%2Fcomments&post=1991"}],"version-history":[{"count":1,"href":"https:\/\/www.trachtenverband-unterfranken.de\/index.php?rest_route=\/wp\/v2\/posts\/1991\/revisions"}],"predecessor-version":[{"id":1994,"href":"https:\/\/www.trachtenverband-unterfranken.de\/index.php?rest_route=\/wp\/v2\/posts\/1991\/revisions\/1994"}],"wp:attachment":[{"href":"https:\/\/www.trachtenverband-unterfranken.de\/index.php?rest_route=%2Fwp%2Fv2%2Fmedia&parent=1991"}],"wp:term":[{"taxonomy":"category","embeddable":true,"href":"https:\/\/www.trachtenverband-unterfranken.de\/index.php?rest_route=%2Fwp%2Fv2%2Fcategories&post=1991"},{"taxonomy":"post_tag","embeddable":true,"href":"https:\/\/www.trachtenverband-unterfranken.de\/index.php?rest_route=%2Fwp%2Fv2%2Ftags&post=1991"}],"curies":[{"name":"wp","href":"https:\/\/api.w.org\/{rel}","templated":true}]}}