{"id":2055,"date":"2011-06-02T14:00:27","date_gmt":"2011-06-02T12:00:27","guid":{"rendered":"http:\/\/www.trachtenverband-unterfranken.de\/?p=2055"},"modified":"2011-07-27T07:35:23","modified_gmt":"2011-07-27T05:35:23","slug":"nikolaus-backformen","status":"publish","type":"post","link":"https:\/\/www.trachtenverband-unterfranken.de\/?p=2055","title":{"rendered":"Nikolaus Backformen"},"content":{"rendered":"<p>An alle Vereine<br \/>\nim Trachtenverband Unterfranken e.V.<br \/>\nLiebe Trachtenfreunde,<\/p>\n<p>anbei eine Info von unserer Brauchtumswartin Ursula Kullich zu den in der<br \/>\nGauversammlung angek\u00fcndigten Sammelbestellungen f\u00fcr Backformen f\u00fcr einen<br \/>\nLebkuchen-Nikolaus.<\/p>\n<p>Da insgesamt in Bayern die bestellte Menge an Backformen zu gering war,<br \/>\nwurde die Aktion gestoppt. Die Backformen werden vom Bay. Trachtenverband<br \/>\nnun nicht angeschafft.<\/p>\n<p>Als Alternative gibt es aber weiterhin die Papierbilder f\u00fcr die<br \/>\nNikolaus-Lebkuchen. Ursula schl\u00e4gt vor: &#8222;Eine kleine Hilfe, ich habe mir den<br \/>\nNikolaus auf einen wei\u00dfen Karton gemalt, ausgeschnitten und auf meinen<br \/>\nLebkuchenteig gedr\u00fcckt und ausger\u00e4delt, aufs Blech gelegt und gebacken. Ist<br \/>\nauch geworden ohne Ausstechen.&#8220;<\/p>\n<p>Die Nikolausbilder k\u00f6nnen hier bestellt werden:<\/p>\n<p>Gesch\u00e4ftsstelle der Bay. Trachtenjugend:<br \/>\nHolzhausen 1<br \/>\n84144 Geisenhausen<br \/>\nTel: 08741\/925743<br \/>\nFax: 03222\/1290902<br \/>\nE-Mail: <a href=\"mailto:info@trachtenjugend-bayern.de\">info@trachtenjugend-bayern.de<\/a><\/p>\n<p>Gesch\u00e4ftszeiten:<br \/>\nMi. 14:00 &#8211; 20:00 Uhr,<br \/>\nDo. 09:00 &#8211; 13:00 Uhr,<br \/>\nletzter Sa. im Monat 09:00 &#8211; 13:00 Uhr<\/p>\n<p>Kontakt zu Ursula Kullich:<br \/>\nMundart, Brauchtum und<br \/>\nLaienspiel<br \/>\nUrsula Kullich<br \/>\nGochsheimer Weg 8<br \/>\n97526 Sennfeld<br \/>\nEmail: <a href=\"mailto:ursula.kullich@tv-ufr.de\">ursula.kullich@tv-ufr.de<\/a><\/p>\n<p>Mit freundlichen Gr\u00fc\u00dfen<\/p>\n<p>O. Brust<\/p>\n","protected":false},"excerpt":{"rendered":"<p>An alle Vereine im Trachtenverband Unterfranken e.V. Liebe Trachtenfreunde, anbei eine Info von unserer Brauchtumswartin Ursula Kullich zu den in der Gauversammlung angek\u00fcndigten Sammelbestellungen f\u00fcr Backformen f\u00fcr einen Lebkuchen-Nikolaus. Da insgesamt in Bayern die bestellte Menge an Backformen zu gering war, wurde die Aktion gestoppt. Die Backformen werden vom Bay. Trachtenverband nun nicht angeschafft. Als &hellip; <a href=\"https:\/\/www.trachtenverband-unterfranken.de\/?p=2055\" class=\"more-link\"><span class=\"screen-reader-text\">Nikolaus Backformen<\/span> weiterlesen<\/a><\/p>\n","protected":false},"author":3,"featured_media":0,"comment_status":"closed","ping_status":"closed","sticky":false,"template":"","format":"standard","meta":{"footnotes":""},"categories":[1,14,7],"tags":[],"_links":{"self":[{"href":"https:\/\/www.trachtenverband-unterfranken.de\/index.php?rest_route=\/wp\/v2\/posts\/2055"}],"collection":[{"href":"https:\/\/www.trachtenverband-unterfranken.de\/index.php?rest_route=\/wp\/v2\/posts"}],"about":[{"href":"https:\/\/www.trachtenverband-unterfranken.de\/index.php?rest_route=\/wp\/v2\/types\/post"}],"author":[{"embeddable":true,"href":"https:\/\/www.trachtenverband-unterfranken.de\/index.php?rest_route=\/wp\/v2\/users\/3"}],"replies":[{"embeddable":true,"href":"https:\/\/www.trachtenverband-unterfranken.de\/index.php?rest_route=%2Fwp%2Fv2%2Fcomments&post=2055"}],"version-history":[{"count":2,"href":"https:\/\/www.trachtenverband-unterfranken.de\/index.php?rest_route=\/wp\/v2\/posts\/2055\/revisions"}],"predecessor-version":[{"id":2125,"href":"https:\/\/www.trachtenverband-unterfranken.de\/index.php?rest_route=\/wp\/v2\/posts\/2055\/revisions\/2125"}],"wp:attachment":[{"href":"https:\/\/www.trachtenverband-unterfranken.de\/index.php?rest_route=%2Fwp%2Fv2%2Fmedia&parent=2055"}],"wp:term":[{"taxonomy":"category","embeddable":true,"href":"https:\/\/www.trachtenverband-unterfranken.de\/index.php?rest_route=%2Fwp%2Fv2%2Fcategories&post=2055"},{"taxonomy":"post_tag","embeddable":true,"href":"https:\/\/www.trachtenverband-unterfranken.de\/index.php?rest_route=%2Fwp%2Fv2%2Ftags&post=2055"}],"curies":[{"name":"wp","href":"https:\/\/api.w.org\/{rel}","templated":true}]}}