{"id":210,"date":"2008-12-13T00:00:13","date_gmt":"2008-12-12T23:00:13","guid":{"rendered":"http:\/\/trachtenverband-unterfranken.de\/wordpress\/?p=210"},"modified":"2008-12-13T00:00:13","modified_gmt":"2008-12-12T23:00:13","slug":"hochwasserhilfe-fur-blumenau-brasilien","status":"publish","type":"post","link":"https:\/\/www.trachtenverband-unterfranken.de\/?p=210","title":{"rendered":"Hochwasserhilfe f\u00fcr Blumenau \/ Brasilien"},"content":{"rendered":"<p align=\"justify\">Liebe Trachtenfreunde,<\/p>\n<p>Die Trachtengruppe Centro Cultural 25 de Julho aus Blumenau\/Brasilien war im<br \/>\nJahr 2006 zu Gast bei uns in Unterfranken und in Emmering im Inngau und<br \/>\nwurde heuer an der Herbstversammlung in den Trachtenverband Unterfranken<br \/>\ne.V. aufgenommen. Anfang November 2008 wurde die Stadt nach 3-monatigem<br \/>\nDauerregen von einer Hochwasserkatastrophe erfasst. Dazu kamen Erdrutsche<br \/>\nund eine Explosion der Erdgaspipeline. Man sch\u00e4tzt, dass derzeit 50.000<br \/>\nMenschen in der 300.000 Einwohner z\u00e4hlenden Stadt im S\u00fcden Brasiliens<br \/>\nobdachlos sind. Die Leiterin der Trachtengruppe Roswitha Ziel ist zum<br \/>\nBeispiel komplett von der Au\u00dfenwelt abgeschnitten, weil alle Stra\u00dfen<br \/>\nweggeschwemmt worden sind. Strom und Telefon funktionieren nicht mehr. Ein<br \/>\nanderes Vereinsmitglied hat Haus und den gesamten landwirtschaftlichen<br \/>\nBetrieb verloren. 7 Familienmitglieder sind bei der Katastrophe ums Leben<br \/>\ngekommen. Wie es den weiteren Mitgliedern der Trachtengruppe geht ist<br \/>\nderzeit nicht klar.<br \/>\n<img loading=\"lazy\" decoding=\"async\" style=\"margin: 5px; border: 0px;\" title=\"hermann_hucher.jpg\" src=\"http:\/\/trachtenverband-unterfranken.de\/images\/stories\/hermann_hucher.jpg\" border=\"0\" alt=\"hermann_hucher.jpg\" hspace=\"5\" vspace=\"5\" width=\"450\" height=\"338\" align=\"middle\" \/><br \/>\nDer Trachtenverband Unterfranken e.V. hat deshalb ein Spendenkonto<br \/>\nerrichtet. Hier sollen mit unseren Spenden in erster Linie f\u00fcr von der<br \/>\nKatastrophe betroffene Mitglieder der Trachtengruppe Blumenau unterst\u00fctzt<br \/>\nwerden. Die Spenden werden dann an den Verein in Blumenau weitergeleitet und<br \/>\nso vor Ort gezielt und direkt bei den Betroffenen eingesetzt. Setzen wir<br \/>\ngerade in den Tagen vor Weihnachten ein Zeichen und helfen unseren<br \/>\nTrachtenkameraden. F\u00fcr ein paar Euros kann man in Brasilien schon viel<br \/>\nkaufen. Helfen wir daher zusammen, damit sich diejenigen, die alles verloren<br \/>\nhaben und nun in Sammelunterk\u00fcnften leben, wieder Kleidung etc. kaufen<br \/>\nk\u00f6nnen bzw. sp\u00e4ter, wenn sie ihre H\u00e4user usw. wieder aufbauen, einrichten<br \/>\nk\u00f6nnen!<\/p>\n<p align=\"justify\"><img loading=\"lazy\" decoding=\"async\" style=\"margin: 5px; border: 0px;\" title=\"blumenau_23-11-2008_33.jpg\" src=\"http:\/\/trachtenverband-unterfranken.de\/images\/stories\/blumenau_23-11-2008_33.jpg\" border=\"0\" alt=\"blumenau_23-11-2008_33.jpg\" hspace=\"5\" vspace=\"5\" width=\"450\" height=\"338\" align=\"middle\" \/><br \/>\nKontoinhaber: Trachtenverband Unterfranken e.V \u2013 Spendenkonto<br \/>\nHochwasserhilfe<br \/>\nBlumenau<br \/>\nKontonr. 460 103 02<br \/>\nBLZ 790 500 00 \/ Sparkasse Mainfranken<\/p>\n<p>F\u00fcr Euere Unterst\u00fctzung sage ich Euch ein herzliches Vergelt\u2019s Gott und<br \/>\nw\u00fcnsche Euch und Eueren Familien ein gesegnetes Weihnachtsfest, einen guten<br \/>\nBeschluss und ein gesundes neues Jahr!<\/p>\n<p align=\"justify\">Euer Ollie<\/p>\n","protected":false},"excerpt":{"rendered":"<p>Liebe Trachtenfreunde,<\/p>\n<p>Die Trachtengruppe Centro Cultural 25 de Julho aus Blumenau\/Brasilien war im<br \/>\nJahr 2006 zu Gast bei uns in Unterfranken und in Emmering im Inngau und<br \/>\nwurde heuer an der Herbstversammlung in den Trachtenverband Unterfranken<br \/>\ne.V. aufgenommen. Anfang November 2008 wurde die Stadt nach 3-monatigem<br \/>\nDauerregen von einer Hochwasserkatastrophe erfasst. Dazu kamen Erdrutsche<br \/>\nund eine Explosion der Erdgaspipeline. Man sch\u00e4tzt, dass derzeit 50.000<br \/>\nMenschen in der 300.000 Einwohner z\u00e4hlenden Stadt im S\u00fcden Brasiliens<br \/>\nobdachlos sind. Die Leiterin der Trachtengruppe Roswitha Ziel ist zum<br \/>\nBeispiel komplett von der Au\u00dfenwelt abgeschnitten, weil alle Stra\u00dfen<br \/>\nweggeschwemmt worden sind. Strom und Telefon funktionieren nicht mehr. Ein<br \/>\nanderes Vereinsmitglied hat Haus und den gesamten landwirtschaftlichen<br \/>\nBetrieb verloren. 7 Familienmitglieder sind bei der Katastrophe ums Leben<br \/>\ngekommen. Wie es den weiteren Mitgliedern der Trachtengruppe geht ist<br \/>\nderzeit nicht klar.<\/p>\n","protected":false},"author":1,"featured_media":0,"comment_status":"open","ping_status":"open","sticky":false,"template":"","format":"standard","meta":{"footnotes":""},"categories":[1],"tags":[],"_links":{"self":[{"href":"https:\/\/www.trachtenverband-unterfranken.de\/index.php?rest_route=\/wp\/v2\/posts\/210"}],"collection":[{"href":"https:\/\/www.trachtenverband-unterfranken.de\/index.php?rest_route=\/wp\/v2\/posts"}],"about":[{"href":"https:\/\/www.trachtenverband-unterfranken.de\/index.php?rest_route=\/wp\/v2\/types\/post"}],"author":[{"embeddable":true,"href":"https:\/\/www.trachtenverband-unterfranken.de\/index.php?rest_route=\/wp\/v2\/users\/1"}],"replies":[{"embeddable":true,"href":"https:\/\/www.trachtenverband-unterfranken.de\/index.php?rest_route=%2Fwp%2Fv2%2Fcomments&post=210"}],"version-history":[{"count":0,"href":"https:\/\/www.trachtenverband-unterfranken.de\/index.php?rest_route=\/wp\/v2\/posts\/210\/revisions"}],"wp:attachment":[{"href":"https:\/\/www.trachtenverband-unterfranken.de\/index.php?rest_route=%2Fwp%2Fv2%2Fmedia&parent=210"}],"wp:term":[{"taxonomy":"category","embeddable":true,"href":"https:\/\/www.trachtenverband-unterfranken.de\/index.php?rest_route=%2Fwp%2Fv2%2Fcategories&post=210"},{"taxonomy":"post_tag","embeddable":true,"href":"https:\/\/www.trachtenverband-unterfranken.de\/index.php?rest_route=%2Fwp%2Fv2%2Ftags&post=210"}],"curies":[{"name":"wp","href":"https:\/\/api.w.org\/{rel}","templated":true}]}}