{"id":216,"date":"2008-12-29T00:00:21","date_gmt":"2008-12-28T23:00:21","guid":{"rendered":"http:\/\/trachtenverband-unterfranken.de\/wordpress\/?p=216"},"modified":"2008-12-29T00:00:21","modified_gmt":"2008-12-28T23:00:21","slug":"wenn-der-wecker-rappelt-%e2%80%a6","status":"publish","type":"post","link":"https:\/\/www.trachtenverband-unterfranken.de\/?p=216","title":{"rendered":"Wenn der Wecker rappelt \u2026"},"content":{"rendered":"<p align=\"justify\">Geldersheim (bar)\u00a0\u00a0 Eine spannende Sach\u2019 war es heuer, bis das Hammelk\u00f6nigspaar ausfindig gemacht wurde. Wenigstens wurde es den T\u00e4nzerinnen und T\u00e4nzern warm bei dem eisigen Wund, der um die Nase wehte. Nach zweieinhalb Runden Rheinl\u00e4nder war es soweit, das Hammelk\u00f6nigspaar hei\u00dft Nicole Oeser und J\u00fcrgen B\u00f6hnlein, die sogleich noch eine Ehrenrunde drehen durften. Wie allj\u00e4hrlich, wird in gro\u00dfer Runde ein Rheinl\u00e4nder getanzt und der Blumenbuschen beim Hineintanzen weitergegeben. Dasjenige Paar , das beim Rappeln des Weckers den Stab mit dem Blumenbuschen in H\u00e4nden h\u00e4lt,\u00a0 wird zum Hammelk\u00f6nigspaar gek\u00fcrt, feierlich mit Zepter und Krone.\u00a0<\/p>\n<p align=\"center\"><img loading=\"lazy\" decoding=\"async\" style=\"border: 0px;\" src=\"http:\/\/img.webme.com\/pic\/g\/galderschummer-kerwa\/hammel08.jpg\" border=\"0\" alt=\"\" width=\"450\" height=\"338\" \/><\/p>\n<p align=\"justify\"><span style=\"font-size: 8pt;\">Von Links: Wilfried Brust, Nicole Oeser, J\u00fcrgen B\u00f6hnlein, Schaffer Winfried Huppmann mit Lissi, Oliver Brust<\/span><\/p>\n<p><span style=\"font-size: 8pt;\">Geschrieben von der Gaupressewartin Barbara G\u00f6bel\u00b4<\/span><\/p>\n<p align=\"justify\"><a href=\"http:\/\/www.heimatverein-geldersheim.de\">www.heimatverein-geldersheim.de<\/a><\/p>\n<p align=\"justify\">\u00a0<\/p>\n<p><!-- START of joscomment --><\/p>\n","protected":false},"excerpt":{"rendered":"<p>Geldersheim (bar)   Eine spannende Sach\u2019 war es heuer, bis das Hammelk\u00f6nigspaar ausfindig gemacht wurde. Wenigstens wurde es den T\u00e4nzerinnen und T\u00e4nzern warm bei dem eisigen Wund, der um die Nase wehte. Nach zweieinhalb Runden Rheinl\u00e4nder war es soweit, das Hammelk\u00f6nigspaar hei\u00dft Nicole Oeser und J\u00fcrgen B\u00f6hnlein, die sogleich noch eine Ehrenrunde drehen durften. Wie allj\u00e4hrlich, wird in gro\u00dfer Runde ein Rheinl\u00e4nder getanzt und der Blumenbuschen beim Hineintanzen weitergegeben. Dasjenige Paar , das beim Rappeln des Weckers den Stab mit dem Blumenbuschen in H\u00e4nden h\u00e4lt,  wird zum Hammelk\u00f6nigspaar gek\u00fcrt, feierlich mit Zepter und Krone.  <\/p>\n","protected":false},"author":1,"featured_media":0,"comment_status":"open","ping_status":"open","sticky":false,"template":"","format":"standard","meta":{"footnotes":""},"categories":[1],"tags":[],"_links":{"self":[{"href":"https:\/\/www.trachtenverband-unterfranken.de\/index.php?rest_route=\/wp\/v2\/posts\/216"}],"collection":[{"href":"https:\/\/www.trachtenverband-unterfranken.de\/index.php?rest_route=\/wp\/v2\/posts"}],"about":[{"href":"https:\/\/www.trachtenverband-unterfranken.de\/index.php?rest_route=\/wp\/v2\/types\/post"}],"author":[{"embeddable":true,"href":"https:\/\/www.trachtenverband-unterfranken.de\/index.php?rest_route=\/wp\/v2\/users\/1"}],"replies":[{"embeddable":true,"href":"https:\/\/www.trachtenverband-unterfranken.de\/index.php?rest_route=%2Fwp%2Fv2%2Fcomments&post=216"}],"version-history":[{"count":0,"href":"https:\/\/www.trachtenverband-unterfranken.de\/index.php?rest_route=\/wp\/v2\/posts\/216\/revisions"}],"wp:attachment":[{"href":"https:\/\/www.trachtenverband-unterfranken.de\/index.php?rest_route=%2Fwp%2Fv2%2Fmedia&parent=216"}],"wp:term":[{"taxonomy":"category","embeddable":true,"href":"https:\/\/www.trachtenverband-unterfranken.de\/index.php?rest_route=%2Fwp%2Fv2%2Fcategories&post=216"},{"taxonomy":"post_tag","embeddable":true,"href":"https:\/\/www.trachtenverband-unterfranken.de\/index.php?rest_route=%2Fwp%2Fv2%2Ftags&post=216"}],"curies":[{"name":"wp","href":"https:\/\/api.w.org\/{rel}","templated":true}]}}