{"id":221,"date":"2008-11-03T00:00:19","date_gmt":"2008-11-02T23:00:19","guid":{"rendered":"http:\/\/trachtenverband-unterfranken.de\/wordpress\/?p=221"},"modified":"2008-11-03T00:00:19","modified_gmt":"2008-11-02T23:00:19","slug":"unterfranken-und-brasilien-wachst-zusammen","status":"publish","type":"post","link":"https:\/\/www.trachtenverband-unterfranken.de\/?p=221","title":{"rendered":"Unterfranken und Brasilien w\u00e4chst zusammen"},"content":{"rendered":"<p align=\"justify\"><strong>Unterfranken und Brasilien w\u00e4chst zusammen &#8211; Herbstversammlung des Trachtenverbandes Unterfranken &#8211; Geldersheim \/ Karlstadt (bar) Die Vertreter der unterfr\u00e4nkischen Trachtenvereine des Trachtenverbandes Unterfranken trafen sich in Karlstadt zur Herbstversammlung, um zur\u00fcckzublicken und um den Fahrplan f\u00fcr das n\u00e4chste Halbjahr festzulegen.<\/strong><\/p>\n<p>Die herausragenden Veranstaltungen waren das Gautrachtenfest in Zeil, die Teilnahme am Deutschen Trachtenfest in M\u00fcnchen sowie die Trachtenwallfahrt zur Schwarzen Madonna nach Alt\u00f6tting.<br \/>\nErfreulich war der Antrag der Blumenauer Volkstanzgruppe im Herzen Brasiliens in den Trachtenverband Unterfranken aufgenommen zu werden. Seit Jahren bestehen freundschaftliche Verbindungen \u00fcber den \u201egro\u00dfen Teich\u201c. In der 1850 von deutschen Auswanderern gegr\u00fcndeten nun ca. 300.0000-Einwohner-Stadt Blumenau und in den D\u00f6rfern ringsumher pflegen viele Kulturvereine das heimatliche Brauchtum aus dem alten Deutschland. So auch der Verein \u201ecentro cultural 25. Julho\u201c. Man richtete sich bei der Auswahl der Vereinstracht nach den Vorfahren des Gr\u00fcndungsvorstandes, die aus der N\u00e4he von Kitzingen kamen, was trachtlerisch zur \u201eSchweinfurter Gautracht\u201c geh\u00f6rt. Bereits vor 15 Jahren waren die Blumenauer zur Trachtenforschung bei unseren Trachtenberatern Alfred und Gudrun D\u00f6rr. Im Jahr 2004 waren einige Trachtler aus Geldersheim und Burgsinn in Blumenau und 2006 waren die Blumenauer in Geldersheim zu Gast. Einstimmig wurde daher der Aufnahmeantrag der brasilianischen Trachtler angenommen. Im n\u00e4chsten Jahr steht das 25-j\u00e4hrige Jubil\u00e4um der Blumenauer an und dazu wollen einige Trachtler aus Unterfranken in den Pfingstferien nach Brasilien reisen. Weitere Infos und das Vorstellungsvideo der Trachtengruppe Blumenau im Internet unter <a href=\"http:\/\/bvtg.pbwiki.com\/FrontPage\">http:\/\/bvtg.pbwiki.com\/FrontPage<\/a>.<br \/>\nHier k\u00f6nnen Sie das Vorstellungsvideo der Blumenauer anschauen<\/p>\n<p align=\"center\"><object width=\"425\" height=\"350\" data=\"http:\/\/www.youtube.com\/v\/Cee5zdZ_RkU\" type=\"application\/x-shockwave-flash\"><param name=\"src\" value=\"http:\/\/www.youtube.com\/v\/Cee5zdZ_RkU\" \/><\/object><\/p>\n<p align=\"center\"><object width=\"425\" height=\"350\" data=\"http:\/\/www.youtube.com\/v\/Y39JqKs7KQE\" type=\"application\/x-shockwave-flash\"><param name=\"src\" value=\"http:\/\/www.youtube.com\/v\/Y39JqKs7KQE\" \/><\/object><\/p>\n<p align=\"justify\">Mit der Ehrung von Alfred D\u00f6rr sowie Erich Wolf beendete der Trachtenverband Unterfranken sein Tagwerk. Alfred D\u00f6rr blickt auf 50 Jahre Engagement in der Vorstandschaft des Trachtenverbands Unterfranken zur\u00fcck: Ob Revisor, 2. Vorsitzender, Vort\u00e4nzer oder Trachtenberater, er ist mit Leib und Seele mit den Trachtlern herzlich verbunden und pflegt diese Gemeinschaft bis heute. Er habe in dieser Zeit viel erlebt und bewegt, so D\u00f6rr \u201emanchmal sind auch Steinbrocken g\u2019flogen, aber mir ham ja lange Bee, um dr\u00fcberzusteigen\u201c, scherzt Alfred bei seinen Dankesworten. Zum Ehrenmitglied ernannte das Gremium Erich Wolf, langj\u00e4hriger Kassier und Trachtenberater. Seit mehr als 20 Jahren \u201ehielt er das Geld\u201c zusammen und betrieb Trachtenforschung, sein Amt musste er im Fr\u00fchjahr jedoch aus beruflichen und famili\u00e4ren Gr\u00fcnden abgeben.<\/p>\n<p>\u00a0<\/p>\n<div style=\"TEXT-ALIGN: center\"><img loading=\"lazy\" decoding=\"async\" style=\"margin: 5px; border: 0px;\" title=\"gauherbstvers.08-geehrte.jpg\" src=\"http:\/\/trachtenverband-unterfranken.de\/images\/stories\/gauherbstvers.08-geehrte.jpg\" border=\"0\" alt=\"gauherbstvers.08-geehrte.jpg\" hspace=\"5\" vspace=\"5\" width=\"450\" height=\"338\" \/><\/div>\n<p>\u00a0<br \/>\nAusblickend auf das kommende Trachtenjahr machte der Gauvorsitzende Oliver Brust auf zwei Veranstaltungen aufmerksam: Die <a href=\"http:\/\/trachtenverband-unterfranken.de\/wordpress\/?p=12\">4. unterfr\u00e4nkischen Heimatkulturtage in Gochsheim vom 20. bis 21. Juni 2009 <\/a>und das Isargaufest im Juli 2009.<br \/>\nVerfasser: Barbara G\u00f6bel, Gaupressewartin\u00a0<\/p>\n<p><!-- START of joscomment --><\/p>\n","protected":false},"excerpt":{"rendered":"<p>Unterfranken und Brasilien w\u00e4chst zusammen &#8211; Herbstversammlung des Trachtenverbandes Unterfranken &#8211; Geldersheim \/ Karlstadt (bar) Die Vertreter der unterfr\u00e4nkischen Trachtenvereine des Trachtenverbandes Unterfranken trafen sich in Karlstadt zur Herbstversammlung, um zur\u00fcckzublicken und um den Fahrplan f\u00fcr das n\u00e4chste Halbjahr festzulegen. <\/p>\n","protected":false},"author":1,"featured_media":0,"comment_status":"open","ping_status":"open","sticky":false,"template":"","format":"standard","meta":{"footnotes":""},"categories":[1],"tags":[],"_links":{"self":[{"href":"https:\/\/www.trachtenverband-unterfranken.de\/index.php?rest_route=\/wp\/v2\/posts\/221"}],"collection":[{"href":"https:\/\/www.trachtenverband-unterfranken.de\/index.php?rest_route=\/wp\/v2\/posts"}],"about":[{"href":"https:\/\/www.trachtenverband-unterfranken.de\/index.php?rest_route=\/wp\/v2\/types\/post"}],"author":[{"embeddable":true,"href":"https:\/\/www.trachtenverband-unterfranken.de\/index.php?rest_route=\/wp\/v2\/users\/1"}],"replies":[{"embeddable":true,"href":"https:\/\/www.trachtenverband-unterfranken.de\/index.php?rest_route=%2Fwp%2Fv2%2Fcomments&post=221"}],"version-history":[{"count":0,"href":"https:\/\/www.trachtenverband-unterfranken.de\/index.php?rest_route=\/wp\/v2\/posts\/221\/revisions"}],"wp:attachment":[{"href":"https:\/\/www.trachtenverband-unterfranken.de\/index.php?rest_route=%2Fwp%2Fv2%2Fmedia&parent=221"}],"wp:term":[{"taxonomy":"category","embeddable":true,"href":"https:\/\/www.trachtenverband-unterfranken.de\/index.php?rest_route=%2Fwp%2Fv2%2Fcategories&post=221"},{"taxonomy":"post_tag","embeddable":true,"href":"https:\/\/www.trachtenverband-unterfranken.de\/index.php?rest_route=%2Fwp%2Fv2%2Ftags&post=221"}],"curies":[{"name":"wp","href":"https:\/\/api.w.org\/{rel}","templated":true}]}}