{"id":2279,"date":"2011-11-06T12:00:32","date_gmt":"2011-11-06T11:00:32","guid":{"rendered":"http:\/\/www.trachtenverband-unterfranken.de\/?p=2279"},"modified":"2011-11-06T12:00:32","modified_gmt":"2011-11-06T11:00:32","slug":"galderschummer-kerwa-18-21-11-2011","status":"publish","type":"post","link":"https:\/\/www.trachtenverband-unterfranken.de\/?p=2279","title":{"rendered":"Galderschummer Kerwa 18.-21.11.2011"},"content":{"rendered":"<p>Die Fichtenpaare 2011 und der Verein f. Heimat- u. Brauchtumspflege Geldersheim e.V. (Lkrs. Schweinfurt\/Ufr.) laden Euch herzlich zur traditionellen Kerwa nach Geldersheim ein. Seit 1764 wird in Geldersheim die Kirchweih am Sonntag vor dem ersten Advent gefeiert. Eine traditionelle Kirchweih im Winter, auf die die Geldersheimer besonders stolz sind.\u00a0Stolz sind wir vom Verein f. Heimat- u. Brauchtumspflege Geldersheim e.V. in diesem Jahr besonders auf unsere 14 Fichtenpaare, die wir Euch vorstellen m\u00f6chten:<\/p>\n<p>Simon Seifert und Hanna H\u00fcmmer<br \/>\nChristoph Hammer und Sina Lutz<br \/>\nFabian Schulz und Anna Lauerbach<br \/>\nStefan Riegler und Nadine H\u00fcbner<br \/>\nMarius Hammer und Laura Habermann<br \/>\nDaniel Treutlein und Kristina Schmittfull<br \/>\nDavid Full und Eva F\u00f6rtsch<br \/>\nFabian Schimmel und Lisa Fu\u00df<br \/>\nSebastian M\u00fcller und Denise Hammer<br \/>\nSebastian Geb und Alisa Neeb<br \/>\nTobias Treutlein und Sabrina Geb<br \/>\nFlorian Schlereth und Leonie Koch<br \/>\nJonas Lauerbach und Linda G\u00fcnzel<br \/>\nGlenn Sandmann und Nadine Bohrer<\/p>\n<p style=\"text-align: center;\"><a href=\"https:\/\/www.trachtenverband-unterfranken.de\/wp-content\/uploads\/2011\/11\/Fichtenpaare-mit-Bgm.-Gube-Vorstand-und-Tanzleitern-P1080895-kleiner.jpg\"><img loading=\"lazy\" decoding=\"async\" class=\"aligncenter size-full wp-image-2280\" title=\"Fichtenpaare mit Bgm. Gube Vorstand und Tanzleitern\" src=\"https:\/\/www.trachtenverband-unterfranken.de\/wp-content\/uploads\/2011\/11\/Fichtenpaare-mit-Bgm.-Gube-Vorstand-und-Tanzleitern-P1080895-kleiner.jpg\" alt=\"\" width=\"581\" height=\"425\" \/><\/a><\/p>\n<p>Die Fichtenpaare stellen sich am Donnerstag vor der Kirchweih dem Gemeinderat vor und er\u00f6ffnen am Kirchweihfreitag die Kirchweih im Tanzsaal. Zuvor stimmen sich die G\u00e4ste im Saal mit dem Lied \u201eMir sin sou garn in Galderschum und fr\u00e4\u00e4n uns, dass der alle kummt\u201c auf die Kerwa 2011 ein, bis es hei\u00dft: \u201eAuf geht\u2019s zur Kerwa 2011! Begr\u00fc\u00dft die Fichtenpaare!\u201c Alle G\u00e4ste im Saal stehen auf und die Fichtenpaare ziehen ein. Die M\u00e4dchen tragen die Tanztracht und die Burschen Frack und Zylinder. Nach einer Ehrentour (Walzer, Bauramadla, Schottisch und Dreher) folgt die Kirchweihrede eines Fichtenburschen, anschlie\u00dfend ist der Tanz frei f\u00fcr alle Kirchweihbesucher aus nah und fern. Zum Tanz spielen auch heuer wieder die Schrolla-Musikanten aus Vasb\u00fchl.<\/p>\n<p>Am Kirchweihsamstagvormittag holen die Burschen, gekleidet in der Arbeitstracht, zusammen mit dem Musikverein Geldersheim die Fichtenm\u00e4dchen ab und stellen am Nachmittag die Fichten an den Wirtschaften auf. Wir laden alle Freunde der Kirchweih herzlich zum Hauruck-Schreien und auch zum Mittanzen an den Wirtschaften ein. Am Abend besuchen die Fichtenpaare den Tanz des FC im Sportheim (siehe zu dieser Veranstaltung die separate Ank\u00fcndigung des Sportvereins). Den Kirchweihsonntag, an dem die Fichtenm\u00e4dchen mit K\u00f6rres und Kr\u00e4nzle und die Burschen mit Frack und Zylinder zu sehen sind, beginnen die Fichtenpaare mit einem Festgottesdienst um 10.30 Uhr in der Sankt Nikolaus Pfarrkirche. Am Nachmittag um 14.00 Uhr findet der traditionelle Hammeltanz mit dem Musikverein Geldersheim auf dem Marktplatz (Oberdorf) statt. Hier wird um unseren Kirchweihschaffer Winfried Huppmann mit seinem Kirchweih-Hammel \u201eLissy\u201c herum getanzt und ein Blumenstrau\u00df dabei weitergereicht. Dasjenige Paar, das beim Klingeln des Weckers, der zuvor in der Mitte des Kreises abgestellt wurde, den\u00a0Buschen in der Hand h\u00e4lt, ist Gewinner des Hammeltanzes und wird gro\u00df gefeiert. Im Anschluss wartet auf die G\u00e4ste eine gro\u00dfe Kaffeebar im Fr\u00e4nkischen Hof mit einer reichhaltigen Auswahl an leckeren Torten und Kuchen. Zum Tanz im Saal spielen die Galderschummer Schlapperflicker. Um 19.30 Uhr findet der Fackelumzug zum neuen Hammelk\u00f6nigspaar statt.<\/p>\n<p>Am Montagnachmittag besuchen die Fichtenpaare die Seniorenkirchweih im Pfarrheim und zeigen so, dass an der Kerwa alle miteinander \u2013 ob jung und ob alt \u2013 feiern k\u00f6nnen! Am Abend um 19.30 Uhr laden die Trachtler dann wieder in den Saal des fr\u00e4nkischen Hofs zum fr\u00e4nkischen Kirchweihtanz bei Kerzenschein ein. Hier spielen wieder die Galderschummer Schlapperflicker. Gerade der Montagabend ist ein idealer Abend zum Tanzen. Es geht nicht mehr ganz so st\u00fcrmisch zu wie am Kirchweihfreitag und wir lassen dann um 23.30 Uhr die Kirchweih mit dem traditionellen Kehraus ausklingen. Dann werden 4 anstrengende, aber sehr fr\u00f6hliche Tage hinter den Fichtenpaaren und allen Kirchweihfreunden liegen und alle werden sich nach ein paar Tagen Pause auf das abschlie\u00dfende Hammelessen am Freitag 25.11.2011 um 20.00 Uhr in der Kegelbahn freuen. Beim Hammelessen wird noch einmal getanzt, gesungen und viel gelacht, bis es dann hei\u00dft, die Kirchweih 2011 zu begraben.<\/p>\n<p>Hier noch mal das Programm in der \u00dcbersicht:<br \/>\nFreitag, 18.11.2011, 20.00\u00a0Uhr<br \/>\nFr\u00e4nkischer Kirchweihtanz im Fr\u00e4nk. Hof mit den Schrolla-Musikanten<br \/>\nKartenreservierung bei Oliver Brust, Tel. 09721 \/ 85970 oder<br \/>\nolliebrust@t-online.de<\/p>\n<p>Samstag, 19.11.2011, ab 09.00 Uhr<br \/>\nKirchweihst\u00e4nderli und ab 14.00 Uhr<br \/>\nUmzug der Fichtenpaare mit<br \/>\nFichtenaufstellen<br \/>\nAb 20.00 Uhr Tanz des FC, Turnhalle<\/p>\n<p>Sonntag,<br \/>\n20.11.2011<br \/>\n14.00 Hammeltanz am Plua<br \/>\nanschl. Fr\u00e4nk. Tanz und Kaffeebar im<br \/>\nFr\u00e4nkischen Hof mit den Galderschummer Schlapperflickern<br \/>\n19.30 Uhr<br \/>\nFackelumzug vom Fr\u00e4nkischen Hof zum Hammelk\u00f6nig und zur\u00fcck, anschl.<br \/>\nKirchweihbetrieb im Fr\u00e4nk. Hof<\/p>\n<p>Montag, 21.11.2011 19.30 Uhr<br \/>\nRomantischer Kirchweihtanz bei Kerzenschein mit den Galderschummer<br \/>\nSchlapperflickern im Fr\u00e4nkischen Hof<\/p>\n<p>Freitag, 25.11.2011, 20.00 Uhr<br \/>\nHammelessen zum Kirchweihabschluss in der Kegelbahn im Gewerbegebiet<\/p>\n<p>&nbsp;<\/p>\n","protected":false},"excerpt":{"rendered":"<p>Die Fichtenpaare 2011 und der Verein f. Heimat- u. Brauchtumspflege Geldersheim e.V. (Lkrs. Schweinfurt\/Ufr.) laden Euch herzlich zur traditionellen Kerwa nach Geldersheim ein. Seit 1764 wird in Geldersheim die Kirchweih am Sonntag vor dem ersten Advent gefeiert. Eine traditionelle Kirchweih im Winter, auf die die Geldersheimer besonders stolz sind.\u00a0Stolz sind wir vom Verein f. Heimat- &hellip; <a href=\"https:\/\/www.trachtenverband-unterfranken.de\/?p=2279\" class=\"more-link\"><span class=\"screen-reader-text\">Galderschummer Kerwa 18.-21.11.2011<\/span> weiterlesen<\/a><\/p>\n","protected":false},"author":2,"featured_media":0,"comment_status":"closed","ping_status":"closed","sticky":false,"template":"","format":"standard","meta":{"footnotes":""},"categories":[1,9,12],"tags":[19,47,41,46,45,44,23,43,69,38],"_links":{"self":[{"href":"https:\/\/www.trachtenverband-unterfranken.de\/index.php?rest_route=\/wp\/v2\/posts\/2279"}],"collection":[{"href":"https:\/\/www.trachtenverband-unterfranken.de\/index.php?rest_route=\/wp\/v2\/posts"}],"about":[{"href":"https:\/\/www.trachtenverband-unterfranken.de\/index.php?rest_route=\/wp\/v2\/types\/post"}],"author":[{"embeddable":true,"href":"https:\/\/www.trachtenverband-unterfranken.de\/index.php?rest_route=\/wp\/v2\/users\/2"}],"replies":[{"embeddable":true,"href":"https:\/\/www.trachtenverband-unterfranken.de\/index.php?rest_route=%2Fwp%2Fv2%2Fcomments&post=2279"}],"version-history":[{"count":4,"href":"https:\/\/www.trachtenverband-unterfranken.de\/index.php?rest_route=\/wp\/v2\/posts\/2279\/revisions"}],"predecessor-version":[{"id":2284,"href":"https:\/\/www.trachtenverband-unterfranken.de\/index.php?rest_route=\/wp\/v2\/posts\/2279\/revisions\/2284"}],"wp:attachment":[{"href":"https:\/\/www.trachtenverband-unterfranken.de\/index.php?rest_route=%2Fwp%2Fv2%2Fmedia&parent=2279"}],"wp:term":[{"taxonomy":"category","embeddable":true,"href":"https:\/\/www.trachtenverband-unterfranken.de\/index.php?rest_route=%2Fwp%2Fv2%2Fcategories&post=2279"},{"taxonomy":"post_tag","embeddable":true,"href":"https:\/\/www.trachtenverband-unterfranken.de\/index.php?rest_route=%2Fwp%2Fv2%2Ftags&post=2279"}],"curies":[{"name":"wp","href":"https:\/\/api.w.org\/{rel}","templated":true}]}}