{"id":2305,"date":"2011-12-01T14:06:47","date_gmt":"2011-12-01T13:06:47","guid":{"rendered":"http:\/\/www.trachtenverband-unterfranken.de\/?p=2305"},"modified":"2011-12-25T11:17:39","modified_gmt":"2011-12-25T10:17:39","slug":"gau-ski-freizeit-2012","status":"publish","type":"post","link":"https:\/\/www.trachtenverband-unterfranken.de\/?p=2305","title":{"rendered":"Gau-Ski-Freizeit 2012"},"content":{"rendered":"<p><strong>Achtung: Ausflug f\u00e4llt mangels ausreichender Teilnehmerzahl\u00a0aus &#8211; Schade!<\/strong><\/p>\n<p><strong><\/strong><\/p>\n<p><strong>Ski-Ausflug vom Freitag, 24.02.2012 (nachts) bis Montag, 27.02.2012 (abends) nach Obertauern<\/strong><\/p>\n<p><a href=\"https:\/\/www.trachtenverband-unterfranken.de\/wp-content\/uploads\/2011\/11\/Einladung.doc\" target=\"_blank\">Einladung<\/a><\/p>\n<p>Servus, Ihr skifahrenden Trachtler,<\/p>\n<p>auf geht\u00b4s zum Skifahren in die Obertauern! Wir, der Trachtenverband Unterfranken e.V., m\u00f6chten im Februar 2012 mal etwas ausprobieren! Zusammen wollen wir zum Skifahren in die Obertauern fahren. Obertauern ist eines der besten und h\u00f6chstgelegenen Skigebiete von ganz \u00d6sterreich. Spa\u00df und Tolle Bedingungen sind garantiert! Wohnen werden wir im Jugendg\u00e4stehaus Gottschalalm am Anfang des Skigebiets von Obertauern. (<a href=\"http:\/\/www.gottschallalm.at\" target=\"_blank\">http:\/\/www.gottschallalm.at<\/a>) Bei guter Schneelage k\u00f6nnen wir mit den Skiern direkt zum Lift fahren. Das Haus verf\u00fcgt auch \u00fcber eine Sauna die gegen Geb\u00fchr gemietet werden kann. Squashhalle, 2 Schuh-Trockenraume, Ski- und Snowboardraum, Kiosk, Kicker, Tischtennistische, Fernseher und Video stehen uns auch zu Verf\u00fcgung.<\/p>\n<p>F\u00fcr die Teilnahme ist ein Mindestalter von 18 Jahren erw\u00fcnscht.<\/p>\n<p>Unsere Leistungen:<\/p>\n<p>\u2022 Busfahrt<br \/>\n\u2022 2 \u00dcbernachtungen im Mehrbettzimmer<br \/>\n\u2022 2 x Fr\u00fchst\u00fcck und Abendessen<br \/>\n\u2022 Skipass f\u00fcr 3 Tage (Skigebiet Obertauern)<\/p>\n<p>Unser Preis : EUR 230,00 \u20ac pro Person<\/p>\n<p>Die Anmeldung erfolgt \u00fcber unseren Gauf\u00e4hnrich Thomas Schnack aus Stadtprozelten mit beigef\u00fcgtem Anmeldeformular. Mit einer Anzahlung von 150,00 \u20ac bis zum 15.12.2011 seid Ihr dann fest angemeldet.<br \/>\nKontoinhaber: Trachtenverband Unterfranken e.V.<br \/>\nKto.Nr. 380160507,<br \/>\nBLZ 790 500 00, Spk. Mainfranken. Bitte im Verwendungszweck den Namen des Teilnehmers und den Wohnort o. Verein angeben.<br \/>\nZur Busfahrt: Wir werden je nach Anmeldung verschiedene Zustiegsm\u00f6glichkeiten organisieren. Dar\u00fcber informieren wir dann noch separat. Wir werden \u00fcber Nacht anreisen und fr\u00fch zum Quartier fahren, dann k\u00f6nnen wir gleich auf die Piste. Am Montag werden wir dann direkt von der Piste in den Bus steigen und heimfahren. So k\u00f6nnen wir den 3. Ski-Tag noch voll ausnutzen.<\/p>\n<p>Ich freue mich, wenn zahlreiche Trachtenfreunde unser Angebot annehmen und in der Gemeinschaft ein paar sch\u00f6ne Tage erleben. Die Fahrt ist f\u00fcr 50 Teilnehmer konzipiert. Bitte meldet Euch z\u00fcgig an, damit wir weiter planen k\u00f6nnen.<\/p>\n<p>Bis dahin viele liebe Gr\u00fc\u00dfe<\/p>\n<p>Euer Gauvorstand Oliver Brust<br \/>\nund der Organisator Thomas Schnack<\/p>\n<p>&nbsp;<\/p>\n<p><a href=\"https:\/\/www.trachtenverband-unterfranken.de\/wp-content\/uploads\/2011\/11\/Einladung.doc\" target=\"_blank\">Einladung<\/a><\/p>\n<p>&nbsp;<\/p>\n<pre>Anmeldung zur Ski-Freizeit des Trachtenverband Unterfranken e.V.\r\nvom 24.02.2012-27.02.2012 nach Obertauern zum Preis von EUR 230,00 p. Pers.\r\n\r\nName, Vorname:\t___________________________________\r\n\r\nAdresse: \t___________________________________\r\n\r\nTel. \/ Handy \t___________________________________\r\n\r\nEmail\t\t___________________________________\r\n\r\nAlter:\t\t___________________________________\r\n\r\nVereinsmitgliedschaft: _________________________________\r\n\r\n________________, __________\t__________________________________\r\nOrt, \t\t\t\tDatum\t\tUnterschrift\r\n\r\nBitte per Post an Thomas Schnack, Am Gr\u00e4ulesberg 8, 97909 Stadtprozelten\r\noder Mail: <a href=\"mailto:curlytom.elk@online.de\">curlytom.elk@online.de<\/a>\r\nTel. 09392 \/ 925 620 \/ Fax 09392 \/ 925 621\r\n\r\n<a href=\"https:\/\/www.trachtenverband-unterfranken.de\/wp-content\/uploads\/2011\/11\/Einladung.doc\" target=\"_blank\">Einladung<\/a><\/pre>\n","protected":false},"excerpt":{"rendered":"<p>Achtung: Ausflug f\u00e4llt mangels ausreichender Teilnehmerzahl\u00a0aus &#8211; Schade! Ski-Ausflug vom Freitag, 24.02.2012 (nachts) bis Montag, 27.02.2012 (abends) nach Obertauern Einladung Servus, Ihr skifahrenden Trachtler, auf geht\u00b4s zum Skifahren in die Obertauern! Wir, der Trachtenverband Unterfranken e.V., m\u00f6chten im Februar 2012 mal etwas ausprobieren! Zusammen wollen wir zum Skifahren in die Obertauern fahren. Obertauern ist eines &hellip; <a href=\"https:\/\/www.trachtenverband-unterfranken.de\/?p=2305\" class=\"more-link\"><span class=\"screen-reader-text\">Gau-Ski-Freizeit 2012<\/span> weiterlesen<\/a><\/p>\n","protected":false},"author":3,"featured_media":0,"comment_status":"closed","ping_status":"closed","sticky":false,"template":"","format":"standard","meta":{"footnotes":""},"categories":[1,9],"tags":[48,49],"_links":{"self":[{"href":"https:\/\/www.trachtenverband-unterfranken.de\/index.php?rest_route=\/wp\/v2\/posts\/2305"}],"collection":[{"href":"https:\/\/www.trachtenverband-unterfranken.de\/index.php?rest_route=\/wp\/v2\/posts"}],"about":[{"href":"https:\/\/www.trachtenverband-unterfranken.de\/index.php?rest_route=\/wp\/v2\/types\/post"}],"author":[{"embeddable":true,"href":"https:\/\/www.trachtenverband-unterfranken.de\/index.php?rest_route=\/wp\/v2\/users\/3"}],"replies":[{"embeddable":true,"href":"https:\/\/www.trachtenverband-unterfranken.de\/index.php?rest_route=%2Fwp%2Fv2%2Fcomments&post=2305"}],"version-history":[{"count":6,"href":"https:\/\/www.trachtenverband-unterfranken.de\/index.php?rest_route=\/wp\/v2\/posts\/2305\/revisions"}],"predecessor-version":[{"id":2312,"href":"https:\/\/www.trachtenverband-unterfranken.de\/index.php?rest_route=\/wp\/v2\/posts\/2305\/revisions\/2312"}],"wp:attachment":[{"href":"https:\/\/www.trachtenverband-unterfranken.de\/index.php?rest_route=%2Fwp%2Fv2%2Fmedia&parent=2305"}],"wp:term":[{"taxonomy":"category","embeddable":true,"href":"https:\/\/www.trachtenverband-unterfranken.de\/index.php?rest_route=%2Fwp%2Fv2%2Fcategories&post=2305"},{"taxonomy":"post_tag","embeddable":true,"href":"https:\/\/www.trachtenverband-unterfranken.de\/index.php?rest_route=%2Fwp%2Fv2%2Ftags&post=2305"}],"curies":[{"name":"wp","href":"https:\/\/api.w.org\/{rel}","templated":true}]}}