{"id":2311,"date":"2011-12-04T13:51:27","date_gmt":"2011-12-04T12:51:27","guid":{"rendered":"http:\/\/www.trachtenverband-unterfranken.de\/?p=2311"},"modified":"2011-12-04T13:51:27","modified_gmt":"2011-12-04T12:51:27","slug":"nachruf","status":"publish","type":"post","link":"https:\/\/www.trachtenverband-unterfranken.de\/?p=2311","title":{"rendered":"Nachruf"},"content":{"rendered":"<p><a href=\"https:\/\/www.trachtenverband-unterfranken.de\/wp-content\/uploads\/2011\/12\/2011-12-Alfred-Wolf-Schimborn-Port\u00e4t.jpg\"><img loading=\"lazy\" decoding=\"async\" src=\"https:\/\/www.trachtenverband-unterfranken.de\/wp-content\/uploads\/2011\/12\/2011-12-Alfred-Wolf-Schimborn-Port\u00e4t.jpg\" alt=\"\" title=\"2011-12 Alfred Wolf Schimborn Port\u00e4t\" width=\"158\" height=\"236\" class=\"alignleft size-full wp-image-2316\" \/><\/a>Mit dem Tod eines lieben Menschen verliert man vieles niemals aber die<br \/>\ngemeinsam verbrachte Zeit.<\/p>\n<p>Der Volkstrachtenverein &#8222;Kahlgr\u00fcnder&#8220; Schimborn trauert um sein langj\u00e4hriges<br \/>\nVorstands- und Gr\u00fcndungsmitglied Alfred Wolf, der am 1. Dezember 2011 im<br \/>\nAlter von 69 Jahren verstorben ist.<\/p>\n<p>Wir werden Alfred immer als treuen Trachten-und Volksmusikfreund in<br \/>\nErinnerung behalten, er hat stets die Interessen des Vereins gewahrt und in<br \/>\nseinem Amt als Jugendleiter auch als 2.Bezirksjugendleiter, als Vort\u00e4nzer,<br \/>\nund  9 Jahre als Vorstand den Verein vertreten. Durch seine ausgeglichene<br \/>\nund herzliche Art hat er es verstanden, den Verein von der Gr\u00fcndung an mit<br \/>\naufzubauen und in allen Lagen zu st\u00e4rken und zu unterst\u00fctzen. <\/p>\n<p>Unser Dank gilt dem verstorbenen Alfred Wolf, dem wir immer ein ehrendes<br \/>\nAndenken bewahren werden.<\/p>\n<p>Seelengottesdienst ist am Dienstag den 6.Dez. 2011  um 14 Uhr in Schimborn,<br \/>\nanschlie\u00dfend Aussegnung.<\/p>\n<p>Volkstrachtenverein &#8222;Kahlgr\u00fcnder&#8220;<br \/>\nSchimborn im Dezember 2011<\/p>\n<p>Auch im Namen des Trachtenverbandes Unterfranken danke ich Alfred Wolf<br \/>\nposthum f\u00fcr seinen Einsatz f\u00fcr Tracht und Brauchtum in Schimborn und<br \/>\nUnterfranken.<br \/>\nWir werden ihm ein ehrendes Andenken bewahren.<\/p>\n<p>Trachtenverband Unterfranken e.V.<br \/>\n1. Gauvorstand Oliver Brust<\/p>\n","protected":false},"excerpt":{"rendered":"<p>Mit dem Tod eines lieben Menschen verliert man vieles niemals aber die gemeinsam verbrachte Zeit. Der Volkstrachtenverein &#8222;Kahlgr\u00fcnder&#8220; Schimborn trauert um sein langj\u00e4hriges Vorstands- und Gr\u00fcndungsmitglied Alfred Wolf, der am 1. Dezember 2011 im Alter von 69 Jahren verstorben ist. Wir werden Alfred immer als treuen Trachten-und Volksmusikfreund in Erinnerung behalten, er hat stets die &hellip; <a href=\"https:\/\/www.trachtenverband-unterfranken.de\/?p=2311\" class=\"more-link\"><span class=\"screen-reader-text\">Nachruf<\/span> weiterlesen<\/a><\/p>\n","protected":false},"author":3,"featured_media":0,"comment_status":"closed","ping_status":"closed","sticky":false,"template":"","format":"standard","meta":{"footnotes":""},"categories":[1],"tags":[],"_links":{"self":[{"href":"https:\/\/www.trachtenverband-unterfranken.de\/index.php?rest_route=\/wp\/v2\/posts\/2311"}],"collection":[{"href":"https:\/\/www.trachtenverband-unterfranken.de\/index.php?rest_route=\/wp\/v2\/posts"}],"about":[{"href":"https:\/\/www.trachtenverband-unterfranken.de\/index.php?rest_route=\/wp\/v2\/types\/post"}],"author":[{"embeddable":true,"href":"https:\/\/www.trachtenverband-unterfranken.de\/index.php?rest_route=\/wp\/v2\/users\/3"}],"replies":[{"embeddable":true,"href":"https:\/\/www.trachtenverband-unterfranken.de\/index.php?rest_route=%2Fwp%2Fv2%2Fcomments&post=2311"}],"version-history":[{"count":1,"href":"https:\/\/www.trachtenverband-unterfranken.de\/index.php?rest_route=\/wp\/v2\/posts\/2311\/revisions"}],"predecessor-version":[{"id":2317,"href":"https:\/\/www.trachtenverband-unterfranken.de\/index.php?rest_route=\/wp\/v2\/posts\/2311\/revisions\/2317"}],"wp:attachment":[{"href":"https:\/\/www.trachtenverband-unterfranken.de\/index.php?rest_route=%2Fwp%2Fv2%2Fmedia&parent=2311"}],"wp:term":[{"taxonomy":"category","embeddable":true,"href":"https:\/\/www.trachtenverband-unterfranken.de\/index.php?rest_route=%2Fwp%2Fv2%2Fcategories&post=2311"},{"taxonomy":"post_tag","embeddable":true,"href":"https:\/\/www.trachtenverband-unterfranken.de\/index.php?rest_route=%2Fwp%2Fv2%2Ftags&post=2311"}],"curies":[{"name":"wp","href":"https:\/\/api.w.org\/{rel}","templated":true}]}}