{"id":2318,"date":"2011-12-06T16:33:26","date_gmt":"2011-12-06T15:33:26","guid":{"rendered":"http:\/\/www.trachtenverband-unterfranken.de\/?p=2318"},"modified":"2011-12-06T16:33:26","modified_gmt":"2011-12-06T15:33:26","slug":"ehrung-in-markt-einersheim","status":"publish","type":"post","link":"https:\/\/www.trachtenverband-unterfranken.de\/?p=2318","title":{"rendered":"Ehrung in Markt Einersheim"},"content":{"rendered":"<p>Ehrung in Markt Einersheim &#8211; Silberne Ehrennadel f\u00fcr Andrea Endres<\/p>\n<div id='gallery-1' class='gallery galleryid-2318 gallery-columns-3 gallery-size-thumbnail'><figure class='gallery-item'>\n\t\t\t<div class='gallery-icon landscape'>\n\t\t\t\t<a href='https:\/\/www.trachtenverband-unterfranken.de\/wp-content\/uploads\/2011\/12\/DSC_0306.jpg'><img loading=\"lazy\" decoding=\"async\" width=\"150\" height=\"150\" src=\"https:\/\/www.trachtenverband-unterfranken.de\/wp-content\/uploads\/2011\/12\/DSC_0306-150x150.jpg\" class=\"attachment-thumbnail size-thumbnail\" alt=\"\" \/><\/a>\n\t\t\t<\/div><\/figure><figure class='gallery-item'>\n\t\t\t<div class='gallery-icon landscape'>\n\t\t\t\t<a href='https:\/\/www.trachtenverband-unterfranken.de\/wp-content\/uploads\/2011\/12\/DSC_0305.jpg'><img loading=\"lazy\" decoding=\"async\" width=\"150\" height=\"150\" src=\"https:\/\/www.trachtenverband-unterfranken.de\/wp-content\/uploads\/2011\/12\/DSC_0305-150x150.jpg\" class=\"attachment-thumbnail size-thumbnail\" alt=\"\" \/><\/a>\n\t\t\t<\/div><\/figure>\n\t\t<\/div>\n\n<p>Andrea Endres vom Volkstrachtenverein Markt Einersheim wurde w\u00e4hrend der Weihnachtsfeier f\u00fcr ihre 25j\u00e4hrige Vereinstreue geehrt. Unser 1. Vorsitzender Dr. Rolf Lupold w\u00fcrdigte ihr besonderes Engagement in all den Jahren. Obwohl sie seit langer Zeit in Aschaffenburg lebt und arbeitet und auch beruflich sehr eingespannt ist, ist sie eine der Trachtler, auf die unser Verein immer z\u00e4hlen kann. Zus\u00e4tzlich wurde Andrea auch vom Trachtenverband Unterfranken f\u00fcr 25 Jahre \u201eTracht tragen\u201c geehrt. Rosi Brauner nahm als Mitglied der Gauverwaltung in Vertretung des 1. Vorsitzenden Oliver Brust diese Ehrung vor und \u00fcberreichte ihr die Ehrenurkunde und das silberne Abzeichen.<\/p>\n<p> Christa Maier, Schriftf\u00fchrerin Volkstrachtenverein Markt Einersheim e.V.<\/p>\n<p>Bild 305.JPG v.l: Rosi Brauner, Andrea Endres, Dr. Rolf Lupold<\/p>\n","protected":false},"excerpt":{"rendered":"<p>Ehrung in Markt Einersheim &#8211; Silberne Ehrennadel f\u00fcr Andrea Endres Andrea Endres vom Volkstrachtenverein Markt Einersheim wurde w\u00e4hrend der Weihnachtsfeier f\u00fcr ihre 25j\u00e4hrige Vereinstreue geehrt. Unser 1. Vorsitzender Dr. Rolf Lupold w\u00fcrdigte ihr besonderes Engagement in all den Jahren. Obwohl sie seit langer Zeit in Aschaffenburg lebt und arbeitet und auch beruflich sehr eingespannt ist, &hellip; <a href=\"https:\/\/www.trachtenverband-unterfranken.de\/?p=2318\" class=\"more-link\"><span class=\"screen-reader-text\">Ehrung in Markt Einersheim<\/span> weiterlesen<\/a><\/p>\n","protected":false},"author":3,"featured_media":0,"comment_status":"closed","ping_status":"closed","sticky":false,"template":"","format":"standard","meta":{"footnotes":""},"categories":[1],"tags":[],"_links":{"self":[{"href":"https:\/\/www.trachtenverband-unterfranken.de\/index.php?rest_route=\/wp\/v2\/posts\/2318"}],"collection":[{"href":"https:\/\/www.trachtenverband-unterfranken.de\/index.php?rest_route=\/wp\/v2\/posts"}],"about":[{"href":"https:\/\/www.trachtenverband-unterfranken.de\/index.php?rest_route=\/wp\/v2\/types\/post"}],"author":[{"embeddable":true,"href":"https:\/\/www.trachtenverband-unterfranken.de\/index.php?rest_route=\/wp\/v2\/users\/3"}],"replies":[{"embeddable":true,"href":"https:\/\/www.trachtenverband-unterfranken.de\/index.php?rest_route=%2Fwp%2Fv2%2Fcomments&post=2318"}],"version-history":[{"count":1,"href":"https:\/\/www.trachtenverband-unterfranken.de\/index.php?rest_route=\/wp\/v2\/posts\/2318\/revisions"}],"predecessor-version":[{"id":2321,"href":"https:\/\/www.trachtenverband-unterfranken.de\/index.php?rest_route=\/wp\/v2\/posts\/2318\/revisions\/2321"}],"wp:attachment":[{"href":"https:\/\/www.trachtenverband-unterfranken.de\/index.php?rest_route=%2Fwp%2Fv2%2Fmedia&parent=2318"}],"wp:term":[{"taxonomy":"category","embeddable":true,"href":"https:\/\/www.trachtenverband-unterfranken.de\/index.php?rest_route=%2Fwp%2Fv2%2Fcategories&post=2318"},{"taxonomy":"post_tag","embeddable":true,"href":"https:\/\/www.trachtenverband-unterfranken.de\/index.php?rest_route=%2Fwp%2Fv2%2Ftags&post=2318"}],"curies":[{"name":"wp","href":"https:\/\/api.w.org\/{rel}","templated":true}]}}