{"id":2333,"date":"2011-12-17T15:45:53","date_gmt":"2011-12-17T14:45:53","guid":{"rendered":"http:\/\/www.trachtenverband-unterfranken.de\/?p=2333"},"modified":"2011-12-17T15:45:53","modified_gmt":"2011-12-17T14:45:53","slug":"%e2%80%9edie-semflder%e2%80%9c","status":"publish","type":"post","link":"https:\/\/www.trachtenverband-unterfranken.de\/?p=2333","title":{"rendered":"\u201eDie Semflder\u201c"},"content":{"rendered":"<p><span style=\"font-size: small;\">Im Rahmen der Weihnachtsfeier des Sennfelder Volkstrachten-Erhaltungsvereins \u201eDie Semflder\u201c konnte der 1. Vorsitzende Helmut B\u00fcschel neben 9 Neuaufnahmen wieder viele Ehrungen an die Mitglieder aussprechen.<\/span><\/p>\n<p><span style=\"font-size: small;\">F\u00fcr 25j\u00e4hrige Vereinszugeh\u00f6rigkeit: Kullich Torsten, Leubner Achim, Rie\u00df Andrea, Seufert Thomas und Merz Holger<\/span><\/p>\n<p><span style=\"font-size: small;\">F\u00fcr 40j\u00e4hrige Vereinszugeh\u00f6rigkeit: Schulze Wilfried, Wachter Sonja, Richter Doris.<\/span><\/p>\n<p><span style=\"font-size: small;\">F\u00fcr f\u00fcnfzigj\u00e4hrige Vereinszugeh\u00f6rigkeit wurde Spiegel Alfred geehrt.<\/span><\/p>\n<p><span style=\"font-size: small;\">Der stellvertretende Vorsitzende des Trachtenverbandes Unterfranken, Manfred Sitzmann, konnte f\u00fcr aktives Trachtentragen Kullich Torsten, Rie\u00df Andrea und Spiegel Alfred eine Ehrennadel anstecken und f\u00fcr 60 Jahre aktives Trachtentragen Magerhans Erika und Geyer Hella eine Urkunde \u00fcberreichen.<\/span><\/p>\n<p>&nbsp;<\/p>\n<p><span style=\"font-size: small;\">1. Vorsitzender Helmut B\u00fcschel<\/span><\/p>\n<p>&nbsp;<\/p>\n<p><a href=\"https:\/\/www.trachtenverband-unterfranken.de\/wp-content\/uploads\/2011\/12\/Weihnacht-mit-Neuaufnahmen.jpg\"><img loading=\"lazy\" decoding=\"async\" class=\"size-medium wp-image-2334 alignnone\" title=\"Weihnacht mit Neuaufnahmen\" src=\"https:\/\/www.trachtenverband-unterfranken.de\/wp-content\/uploads\/2011\/12\/Weihnacht-mit-Neuaufnahmen-300x171.jpg\" alt=\"\" width=\"300\" height=\"171\" srcset=\"https:\/\/www.trachtenverband-unterfranken.de\/wp-content\/uploads\/2011\/12\/Weihnacht-mit-Neuaufnahmen-300x171.jpg 300w, https:\/\/www.trachtenverband-unterfranken.de\/wp-content\/uploads\/2011\/12\/Weihnacht-mit-Neuaufnahmen.jpg 750w\" sizes=\"(max-width: 300px) 100vw, 300px\" \/><\/a><\/p>\n<p>&nbsp;<\/p>\n<p>&nbsp;<\/p>\n<p>&nbsp;<\/p>\n<p>&nbsp;<\/p>\n<p>&nbsp;<\/p>\n<p><em><span style=\"font-size: small;\">Hintere Reihe Neuaufnahmen stehend von links:<\/span><\/em><\/p>\n<p><em><span style=\"font-size: small;\">Patrick Woytinnek, Melanie Kritzner, Tobias Brust, Christina Kl\u00fcpfel, Anja Kullich, Karin Rie\u00df, Melanie Thumser, Jessica Rudolph, Tamara H\u00e4usler<\/span><\/em><\/p>\n<p>&nbsp;<\/p>\n<p><span style=\"font-size: small;\">2. Reihe stehend von links: <\/span><\/p>\n<p><span style=\"font-size: small;\">2. Vorsitzender G\u00f6\u00dfmann Wolfgang, 1. B\u00fcrgermeister Emil Heinemann, Pfarrer Stefan Stauch, Rie\u00df Andrea, Kullich Torsten, Seufert Thomas, 1. Vorsitzender Helmut B\u00fcschel, Stellvertretender Vorsitzender des Trachtenverbandes Unterfranken Manfred Sitzmann<\/span><\/p>\n<p>&nbsp;<\/p>\n<p><span style=\"font-size: small;\">Sitzend von links:<\/span><\/p>\n<p><span style=\"font-size: small;\">1. Kassier Geyer Adolf, Spiegel Alfred, Magerhans Erika, Bandorf Fritz,Limbach Martha, Limbach Rudolf, Geyer Hella<\/span><\/p>\n<p>&nbsp;<\/p>\n","protected":false},"excerpt":{"rendered":"<p>Im Rahmen der Weihnachtsfeier des Sennfelder Volkstrachten-Erhaltungsvereins \u201eDie Semflder\u201c konnte der 1. Vorsitzende Helmut B\u00fcschel neben 9 Neuaufnahmen wieder viele Ehrungen an die Mitglieder aussprechen. F\u00fcr 25j\u00e4hrige Vereinszugeh\u00f6rigkeit: Kullich Torsten, Leubner Achim, Rie\u00df Andrea, Seufert Thomas und Merz Holger F\u00fcr 40j\u00e4hrige Vereinszugeh\u00f6rigkeit: Schulze Wilfried, Wachter Sonja, Richter Doris. F\u00fcr f\u00fcnfzigj\u00e4hrige Vereinszugeh\u00f6rigkeit wurde Spiegel Alfred geehrt. &hellip; <a href=\"https:\/\/www.trachtenverband-unterfranken.de\/?p=2333\" class=\"more-link\"><span class=\"screen-reader-text\">\u201eDie Semflder\u201c<\/span> weiterlesen<\/a><\/p>\n","protected":false},"author":3,"featured_media":0,"comment_status":"closed","ping_status":"closed","sticky":false,"template":"","format":"standard","meta":{"footnotes":""},"categories":[4,9],"tags":[],"_links":{"self":[{"href":"https:\/\/www.trachtenverband-unterfranken.de\/index.php?rest_route=\/wp\/v2\/posts\/2333"}],"collection":[{"href":"https:\/\/www.trachtenverband-unterfranken.de\/index.php?rest_route=\/wp\/v2\/posts"}],"about":[{"href":"https:\/\/www.trachtenverband-unterfranken.de\/index.php?rest_route=\/wp\/v2\/types\/post"}],"author":[{"embeddable":true,"href":"https:\/\/www.trachtenverband-unterfranken.de\/index.php?rest_route=\/wp\/v2\/users\/3"}],"replies":[{"embeddable":true,"href":"https:\/\/www.trachtenverband-unterfranken.de\/index.php?rest_route=%2Fwp%2Fv2%2Fcomments&post=2333"}],"version-history":[{"count":1,"href":"https:\/\/www.trachtenverband-unterfranken.de\/index.php?rest_route=\/wp\/v2\/posts\/2333\/revisions"}],"predecessor-version":[{"id":2335,"href":"https:\/\/www.trachtenverband-unterfranken.de\/index.php?rest_route=\/wp\/v2\/posts\/2333\/revisions\/2335"}],"wp:attachment":[{"href":"https:\/\/www.trachtenverband-unterfranken.de\/index.php?rest_route=%2Fwp%2Fv2%2Fmedia&parent=2333"}],"wp:term":[{"taxonomy":"category","embeddable":true,"href":"https:\/\/www.trachtenverband-unterfranken.de\/index.php?rest_route=%2Fwp%2Fv2%2Fcategories&post=2333"},{"taxonomy":"post_tag","embeddable":true,"href":"https:\/\/www.trachtenverband-unterfranken.de\/index.php?rest_route=%2Fwp%2Fv2%2Ftags&post=2333"}],"curies":[{"name":"wp","href":"https:\/\/api.w.org\/{rel}","templated":true}]}}