{"id":2339,"date":"2011-12-25T11:22:55","date_gmt":"2011-12-25T10:22:55","guid":{"rendered":"http:\/\/www.trachtenverband-unterfranken.de\/?p=2339"},"modified":"2011-12-25T11:22:55","modified_gmt":"2011-12-25T10:22:55","slug":"frohe-weihnachten","status":"publish","type":"post","link":"https:\/\/www.trachtenverband-unterfranken.de\/?p=2339","title":{"rendered":"Frohe Weihnachten"},"content":{"rendered":"<p>Liebe Trachtenfreunde,<\/p>\n<p>&nbsp;<\/p>\n<p>ich w\u00fcnsche Euch allen ein frohes und gesegnetes Weihnachtsfest.<\/p>\n<p>&nbsp;<\/p>\n<p>Liebe Gr\u00fc\u00dfe<\/p>\n<p>&nbsp;<\/p>\n<p>Euer Ollie<a href=\"https:\/\/www.trachtenverband-unterfranken.de\/wp-content\/uploads\/2011\/12\/Christbaum-2011.jpg\"><img loading=\"lazy\" decoding=\"async\" class=\"aligncenter size-full wp-image-2340\" title=\"Christbaum 2011\" src=\"https:\/\/www.trachtenverband-unterfranken.de\/wp-content\/uploads\/2011\/12\/Christbaum-2011.jpg\" alt=\"\" width=\"375\" height=\"500\" srcset=\"https:\/\/www.trachtenverband-unterfranken.de\/wp-content\/uploads\/2011\/12\/Christbaum-2011.jpg 375w, https:\/\/www.trachtenverband-unterfranken.de\/wp-content\/uploads\/2011\/12\/Christbaum-2011-225x300.jpg 225w\" sizes=\"(max-width: 375px) 100vw, 375px\" \/><\/a><\/p>\n","protected":false},"excerpt":{"rendered":"<p>Liebe Trachtenfreunde, &nbsp; ich w\u00fcnsche Euch allen ein frohes und gesegnetes Weihnachtsfest. &nbsp; Liebe Gr\u00fc\u00dfe &nbsp; Euer Ollie<\/p>\n","protected":false},"author":2,"featured_media":0,"comment_status":"closed","ping_status":"closed","sticky":false,"template":"","format":"standard","meta":{"footnotes":""},"categories":[1],"tags":[],"_links":{"self":[{"href":"https:\/\/www.trachtenverband-unterfranken.de\/index.php?rest_route=\/wp\/v2\/posts\/2339"}],"collection":[{"href":"https:\/\/www.trachtenverband-unterfranken.de\/index.php?rest_route=\/wp\/v2\/posts"}],"about":[{"href":"https:\/\/www.trachtenverband-unterfranken.de\/index.php?rest_route=\/wp\/v2\/types\/post"}],"author":[{"embeddable":true,"href":"https:\/\/www.trachtenverband-unterfranken.de\/index.php?rest_route=\/wp\/v2\/users\/2"}],"replies":[{"embeddable":true,"href":"https:\/\/www.trachtenverband-unterfranken.de\/index.php?rest_route=%2Fwp%2Fv2%2Fcomments&post=2339"}],"version-history":[{"count":2,"href":"https:\/\/www.trachtenverband-unterfranken.de\/index.php?rest_route=\/wp\/v2\/posts\/2339\/revisions"}],"predecessor-version":[{"id":2343,"href":"https:\/\/www.trachtenverband-unterfranken.de\/index.php?rest_route=\/wp\/v2\/posts\/2339\/revisions\/2343"}],"wp:attachment":[{"href":"https:\/\/www.trachtenverband-unterfranken.de\/index.php?rest_route=%2Fwp%2Fv2%2Fmedia&parent=2339"}],"wp:term":[{"taxonomy":"category","embeddable":true,"href":"https:\/\/www.trachtenverband-unterfranken.de\/index.php?rest_route=%2Fwp%2Fv2%2Fcategories&post=2339"},{"taxonomy":"post_tag","embeddable":true,"href":"https:\/\/www.trachtenverband-unterfranken.de\/index.php?rest_route=%2Fwp%2Fv2%2Ftags&post=2339"}],"curies":[{"name":"wp","href":"https:\/\/api.w.org\/{rel}","templated":true}]}}