{"id":2342,"date":"2012-01-03T13:00:29","date_gmt":"2012-01-03T12:00:29","guid":{"rendered":"http:\/\/www.trachtenverband-unterfranken.de\/?p=2342"},"modified":"2012-01-03T13:01:58","modified_gmt":"2012-01-03T12:01:58","slug":"dreikonigstanz","status":"publish","type":"post","link":"https:\/\/www.trachtenverband-unterfranken.de\/?p=2342","title":{"rendered":"Dreik\u00f6nigstanz"},"content":{"rendered":"<p><a href=\"https:\/\/www.trachtenverband-unterfranken.de\/wp-content\/uploads\/2011\/12\/Dreikoenig-2012_2.jpg\" target=\"_blank\"><img loading=\"lazy\" decoding=\"async\" class=\"alignleft size-medium wp-image-2347\" style=\"margin: 5px;\" title=\"Dreikoenig 2012_2\" src=\"https:\/\/www.trachtenverband-unterfranken.de\/wp-content\/uploads\/2011\/12\/Dreikoenig-2012_2-212x300.jpg\" alt=\"\" width=\"212\" height=\"300\" srcset=\"https:\/\/www.trachtenverband-unterfranken.de\/wp-content\/uploads\/2011\/12\/Dreikoenig-2012_2-212x300.jpg 212w, https:\/\/www.trachtenverband-unterfranken.de\/wp-content\/uploads\/2011\/12\/Dreikoenig-2012_2.jpg 354w\" sizes=\"(max-width: 212px) 100vw, 212px\" \/><\/a>Der Volkstrachtenverein und die Planpaare freuen sich, einen schwungvollen<br \/>\nTanzabend mit den &#8222;Frankischen Stra\u00dfenmusikanten&#8220; am 5.<br \/>\nJanuar 2012 in der Sporthalle des TSV pr\u00e4sentieren zu d\u00fcrfen. Karten k\u00f6nnen<br \/>\nnoch bei der St. Jakobus Apotheke (09723\/7047) reserviert werden, oder \u00fcber<br \/>\ndie Internetseite des Volkstrachtenvereins www.vtv-roethlein.de eintragen.<\/p>\n<p>Einlass ist ab 19.30Uhr und p\u00fcnktlich um 20.00Uhr startet die gemeinsame<br \/>\nPolonaise. F\u00fcrs leibliche Wohl ist wie immer reichlich gesorgt.<br \/>\nParkpl\u00e4tze sind ausreichend an der Grundschule\/am Festplatz vorhanden.<\/p>\n<p>Auf Ihr Kommen freuen sich<br \/>\nder Volkstrachtenverein R\u00f6thlein und die R\u00f6thleiner Planpaare<\/p>\n","protected":false},"excerpt":{"rendered":"<p>Der Volkstrachtenverein und die Planpaare freuen sich, einen schwungvollen Tanzabend mit den &#8222;Frankischen Stra\u00dfenmusikanten&#8220; am 5. Januar 2012 in der Sporthalle des TSV pr\u00e4sentieren zu d\u00fcrfen. Karten k\u00f6nnen noch bei der St. Jakobus Apotheke (09723\/7047) reserviert werden, oder \u00fcber die Internetseite des Volkstrachtenvereins www.vtv-roethlein.de eintragen. Einlass ist ab 19.30Uhr und p\u00fcnktlich um 20.00Uhr startet die &hellip; <a href=\"https:\/\/www.trachtenverband-unterfranken.de\/?p=2342\" class=\"more-link\"><span class=\"screen-reader-text\">Dreik\u00f6nigstanz<\/span> weiterlesen<\/a><\/p>\n","protected":false},"author":3,"featured_media":0,"comment_status":"closed","ping_status":"closed","sticky":false,"template":"","format":"standard","meta":{"footnotes":""},"categories":[1,9],"tags":[],"_links":{"self":[{"href":"https:\/\/www.trachtenverband-unterfranken.de\/index.php?rest_route=\/wp\/v2\/posts\/2342"}],"collection":[{"href":"https:\/\/www.trachtenverband-unterfranken.de\/index.php?rest_route=\/wp\/v2\/posts"}],"about":[{"href":"https:\/\/www.trachtenverband-unterfranken.de\/index.php?rest_route=\/wp\/v2\/types\/post"}],"author":[{"embeddable":true,"href":"https:\/\/www.trachtenverband-unterfranken.de\/index.php?rest_route=\/wp\/v2\/users\/3"}],"replies":[{"embeddable":true,"href":"https:\/\/www.trachtenverband-unterfranken.de\/index.php?rest_route=%2Fwp%2Fv2%2Fcomments&post=2342"}],"version-history":[{"count":3,"href":"https:\/\/www.trachtenverband-unterfranken.de\/index.php?rest_route=\/wp\/v2\/posts\/2342\/revisions"}],"predecessor-version":[{"id":2351,"href":"https:\/\/www.trachtenverband-unterfranken.de\/index.php?rest_route=\/wp\/v2\/posts\/2342\/revisions\/2351"}],"wp:attachment":[{"href":"https:\/\/www.trachtenverband-unterfranken.de\/index.php?rest_route=%2Fwp%2Fv2%2Fmedia&parent=2342"}],"wp:term":[{"taxonomy":"category","embeddable":true,"href":"https:\/\/www.trachtenverband-unterfranken.de\/index.php?rest_route=%2Fwp%2Fv2%2Fcategories&post=2342"},{"taxonomy":"post_tag","embeddable":true,"href":"https:\/\/www.trachtenverband-unterfranken.de\/index.php?rest_route=%2Fwp%2Fv2%2Ftags&post=2342"}],"curies":[{"name":"wp","href":"https:\/\/api.w.org\/{rel}","templated":true}]}}