{"id":2344,"date":"2011-12-31T10:33:30","date_gmt":"2011-12-31T09:33:30","guid":{"rendered":"http:\/\/www.trachtenverband-unterfranken.de\/?p=2344"},"modified":"2011-12-31T10:33:30","modified_gmt":"2011-12-31T09:33:30","slug":"auf-ein-gutes-neues-jahr","status":"publish","type":"post","link":"https:\/\/www.trachtenverband-unterfranken.de\/?p=2344","title":{"rendered":"Auf ein gutes neues Jahr!"},"content":{"rendered":"<p>Liebe Brauchtumsfreunde,<\/p>\n<p>liebe Gauverwaltungsmitglieder,<\/p>\n<p>ich danke Euch allen f\u00fcr die gute Zusammenarbeit in diesem Jahr und w\u00fcsche Euch einen guten Beschluss und f\u00fcr 2012 alles Gute, Gl\u00fcck und Gesundheit.<\/p>\n<p>Liebe Gr\u00fc\u00dfe<\/p>\n<p>Euer Gauvorstand<\/p>\n<p>Oliver Brust<\/p>\n","protected":false},"excerpt":{"rendered":"<p>Liebe Brauchtumsfreunde, liebe Gauverwaltungsmitglieder, ich danke Euch allen f\u00fcr die gute Zusammenarbeit in diesem Jahr und w\u00fcsche Euch einen guten Beschluss und f\u00fcr 2012 alles Gute, Gl\u00fcck und Gesundheit. Liebe Gr\u00fc\u00dfe Euer Gauvorstand Oliver Brust<\/p>\n","protected":false},"author":2,"featured_media":0,"comment_status":"closed","ping_status":"closed","sticky":false,"template":"","format":"standard","meta":{"footnotes":""},"categories":[1],"tags":[51,50],"_links":{"self":[{"href":"https:\/\/www.trachtenverband-unterfranken.de\/index.php?rest_route=\/wp\/v2\/posts\/2344"}],"collection":[{"href":"https:\/\/www.trachtenverband-unterfranken.de\/index.php?rest_route=\/wp\/v2\/posts"}],"about":[{"href":"https:\/\/www.trachtenverband-unterfranken.de\/index.php?rest_route=\/wp\/v2\/types\/post"}],"author":[{"embeddable":true,"href":"https:\/\/www.trachtenverband-unterfranken.de\/index.php?rest_route=\/wp\/v2\/users\/2"}],"replies":[{"embeddable":true,"href":"https:\/\/www.trachtenverband-unterfranken.de\/index.php?rest_route=%2Fwp%2Fv2%2Fcomments&post=2344"}],"version-history":[{"count":2,"href":"https:\/\/www.trachtenverband-unterfranken.de\/index.php?rest_route=\/wp\/v2\/posts\/2344\/revisions"}],"predecessor-version":[{"id":2346,"href":"https:\/\/www.trachtenverband-unterfranken.de\/index.php?rest_route=\/wp\/v2\/posts\/2344\/revisions\/2346"}],"wp:attachment":[{"href":"https:\/\/www.trachtenverband-unterfranken.de\/index.php?rest_route=%2Fwp%2Fv2%2Fmedia&parent=2344"}],"wp:term":[{"taxonomy":"category","embeddable":true,"href":"https:\/\/www.trachtenverband-unterfranken.de\/index.php?rest_route=%2Fwp%2Fv2%2Fcategories&post=2344"},{"taxonomy":"post_tag","embeddable":true,"href":"https:\/\/www.trachtenverband-unterfranken.de\/index.php?rest_route=%2Fwp%2Fv2%2Ftags&post=2344"}],"curies":[{"name":"wp","href":"https:\/\/api.w.org\/{rel}","templated":true}]}}