{"id":2349,"date":"2012-01-05T11:57:08","date_gmt":"2012-01-05T10:57:08","guid":{"rendered":"http:\/\/www.trachtenverband-unterfranken.de\/?p=2349"},"modified":"2012-01-06T15:30:55","modified_gmt":"2012-01-06T14:30:55","slug":"gruppe-des-monats-galderschummer-schlapperflicker","status":"publish","type":"post","link":"https:\/\/www.trachtenverband-unterfranken.de\/?p=2349","title":{"rendered":"Gruppe des Monats: Galderschummer Schlapperflicker"},"content":{"rendered":"<p>Bayern 1 Volksmusik mit Werner Aum\u00fcller<\/p>\n<p>Montag, 09.01.2012 von 19.00-20.00 Uhr<br \/>\nIm Jahr 1989 begann die Geschichte der Galderschummer Schlapperflicker. Zun\u00e4chst als Trio mit Oliver Brust und Oliver Zeisner (Klarinetten) und der durch die Fernsehsendung \u201eTV Total\u201c bekannt gewordene Rockr\u00f6hre Steffi List an der Gitarre. Nach einigen Jahren verlie\u00df letztere das Volksmusikensemble, daf\u00fcr kamen schnell drei neue Musikanten hinzu. Heute sind die Galderschummer Schlapperflicker aus der unterfr\u00e4nkischen Volksmusikszene kaum mehr wegzudenken. Auf gem\u00fctlichen Weinfesten, Tanzveranstaltungen oder in musikantenfreundlichen<\/p>\n<p>Wirtsh\u00e4usern, \u00fcberall dort darf man mit den Musikanten aus Geldersheim (Lkr. Schweinfurt) und drum herum rechnen. Dar\u00fcber hinaus pflegen die Schlapperflicker auch eine intensive Verbindung zum Trachtenverband Unterfranken. Mehr dazu in der \u201eBayern 1 Volksmusik\u201c in der die Galderschummer Schlapperflicker zu Gast sind.<\/p>\n<p>&#8212;&#8212;&#8212;&#8212;&#8212;&#8212;&#8212;&#8212;&#8212;&#8212;&#8212;&#8212;&#8212;&#8212;&#8212;&#8212;&#8212;&#8212;&#8212;&#8212;&#8212;&#8212;&#8212;&#8212;&#8212;&#8212;&#8212;&#8212;&#8212;&#8212;&#8212;&#8212;&#8212;&#8212;&#8211;<br \/>\nSteffi Zachmeier M.A.<\/p>\n<p>&nbsp;<\/p>\n<p>&nbsp;<\/p>\n","protected":false},"excerpt":{"rendered":"<p>Bayern 1 Volksmusik mit Werner Aum\u00fcller Montag, 09.01.2012 von 19.00-20.00 Uhr Im Jahr 1989 begann die Geschichte der Galderschummer Schlapperflicker. Zun\u00e4chst als Trio mit Oliver Brust und Oliver Zeisner (Klarinetten) und der durch die Fernsehsendung \u201eTV Total\u201c bekannt gewordene Rockr\u00f6hre Steffi List an der Gitarre. Nach einigen Jahren verlie\u00df letztere das Volksmusikensemble, daf\u00fcr kamen schnell &hellip; <a href=\"https:\/\/www.trachtenverband-unterfranken.de\/?p=2349\" class=\"more-link\"><span class=\"screen-reader-text\">Gruppe des Monats: Galderschummer Schlapperflicker<\/span> weiterlesen<\/a><\/p>\n","protected":false},"author":3,"featured_media":0,"comment_status":"closed","ping_status":"closed","sticky":false,"template":"","format":"standard","meta":{"footnotes":""},"categories":[1],"tags":[],"_links":{"self":[{"href":"https:\/\/www.trachtenverband-unterfranken.de\/index.php?rest_route=\/wp\/v2\/posts\/2349"}],"collection":[{"href":"https:\/\/www.trachtenverband-unterfranken.de\/index.php?rest_route=\/wp\/v2\/posts"}],"about":[{"href":"https:\/\/www.trachtenverband-unterfranken.de\/index.php?rest_route=\/wp\/v2\/types\/post"}],"author":[{"embeddable":true,"href":"https:\/\/www.trachtenverband-unterfranken.de\/index.php?rest_route=\/wp\/v2\/users\/3"}],"replies":[{"embeddable":true,"href":"https:\/\/www.trachtenverband-unterfranken.de\/index.php?rest_route=%2Fwp%2Fv2%2Fcomments&post=2349"}],"version-history":[{"count":2,"href":"https:\/\/www.trachtenverband-unterfranken.de\/index.php?rest_route=\/wp\/v2\/posts\/2349\/revisions"}],"predecessor-version":[{"id":2355,"href":"https:\/\/www.trachtenverband-unterfranken.de\/index.php?rest_route=\/wp\/v2\/posts\/2349\/revisions\/2355"}],"wp:attachment":[{"href":"https:\/\/www.trachtenverband-unterfranken.de\/index.php?rest_route=%2Fwp%2Fv2%2Fmedia&parent=2349"}],"wp:term":[{"taxonomy":"category","embeddable":true,"href":"https:\/\/www.trachtenverband-unterfranken.de\/index.php?rest_route=%2Fwp%2Fv2%2Fcategories&post=2349"},{"taxonomy":"post_tag","embeddable":true,"href":"https:\/\/www.trachtenverband-unterfranken.de\/index.php?rest_route=%2Fwp%2Fv2%2Ftags&post=2349"}],"curies":[{"name":"wp","href":"https:\/\/api.w.org\/{rel}","templated":true}]}}