{"id":2353,"date":"2012-01-16T21:05:00","date_gmt":"2012-01-16T20:05:00","guid":{"rendered":"http:\/\/www.trachtenverband-unterfranken.de\/?p=2353"},"modified":"2012-01-16T21:08:33","modified_gmt":"2012-01-16T20:08:33","slug":"vorstandsseminar-kloster-banz-14-15-01-2012","status":"publish","type":"post","link":"https:\/\/www.trachtenverband-unterfranken.de\/?p=2353","title":{"rendered":"Vorstandsseminar Kloster Banz 14.-15.01.2012"},"content":{"rendered":"<p><a href=\"https:\/\/www.trachtenverband-unterfranken.de\/wp-content\/uploads\/2012\/01\/P1090435.jpg\"><img loading=\"lazy\" decoding=\"async\" class=\"alignleft size-medium wp-image-2365\" style=\"margin: 5px;\" title=\"P1090435\" src=\"https:\/\/www.trachtenverband-unterfranken.de\/wp-content\/uploads\/2012\/01\/P1090435-300x224.jpg\" alt=\"\" width=\"300\" height=\"224\" srcset=\"https:\/\/www.trachtenverband-unterfranken.de\/wp-content\/uploads\/2012\/01\/P1090435-300x224.jpg 300w, https:\/\/www.trachtenverband-unterfranken.de\/wp-content\/uploads\/2012\/01\/P1090435.jpg 667w\" sizes=\"(max-width: 300px) 100vw, 300px\" \/><\/a>25 Teilnehmer aus dem Trachtenverband Unterfranken e.V. besuchten vom 14.-15.01.2012 ein Kooperationsseminar des Trachtenverband Unterfranken e.V. mit der Hanns-Seidel-Stiftung in Kloster Banz.<\/p>\n<p>Michael Unruh der Gauvorstand unseres Patengaues, dem Isargau, und Melanie Schmei\u00dfer, die Gauschriftf\u00fchrerin zeigten mit Ihrem Besuch die gute Kameradschaft und Freundschaft zwischen den Gauen.<\/p>\n<p>Der Samstag stand unter dem Motto &#8222;Protokollarische Fragen&#8220; mit der Referentin Inge Soll. Es ging um die Begr\u00fc\u00dfung von Ehreng\u00e4sten und das Verfassen von Gru\u00dfworten sowie Tipps und \u00dcbungen zur freien Rede.<\/p>\n<p>Am Abend sorgten die Galderschummer Schlapperflicker f\u00fcr eine z\u00fcnftige Stimmung. Am Sonntag haben die Schlapperflicker mit den Teilnehmern fr\u00e4nkische Volkslieder ge\u00fcbt.<\/p>\n<p>Anschlie\u00dfend befassten sich die Teilnehmer mit Zukunftsvisionen f\u00fcr den Trachtenverein und wie man Mitglieder motivieren kann im Verein mitzuarbeiten. Mit neuen Ideen machten sich die Trachtler auf den Weg in ein neues und erfolgreiches Trachtenjahr.<\/p>\n<p>Oliver Brust<\/p>\n","protected":false},"excerpt":{"rendered":"<p>25 Teilnehmer aus dem Trachtenverband Unterfranken e.V. besuchten vom 14.-15.01.2012 ein Kooperationsseminar des Trachtenverband Unterfranken e.V. mit der Hanns-Seidel-Stiftung in Kloster Banz. Michael Unruh der Gauvorstand unseres Patengaues, dem Isargau, und Melanie Schmei\u00dfer, die Gauschriftf\u00fchrerin zeigten mit Ihrem Besuch die gute Kameradschaft und Freundschaft zwischen den Gauen. Der Samstag stand unter dem Motto &#8222;Protokollarische Fragen&#8220; &hellip; <a href=\"https:\/\/www.trachtenverband-unterfranken.de\/?p=2353\" class=\"more-link\"><span class=\"screen-reader-text\">Vorstandsseminar Kloster Banz 14.-15.01.2012<\/span> weiterlesen<\/a><\/p>\n","protected":false},"author":3,"featured_media":0,"comment_status":"closed","ping_status":"closed","sticky":false,"template":"","format":"standard","meta":{"footnotes":""},"categories":[1,9],"tags":[],"_links":{"self":[{"href":"https:\/\/www.trachtenverband-unterfranken.de\/index.php?rest_route=\/wp\/v2\/posts\/2353"}],"collection":[{"href":"https:\/\/www.trachtenverband-unterfranken.de\/index.php?rest_route=\/wp\/v2\/posts"}],"about":[{"href":"https:\/\/www.trachtenverband-unterfranken.de\/index.php?rest_route=\/wp\/v2\/types\/post"}],"author":[{"embeddable":true,"href":"https:\/\/www.trachtenverband-unterfranken.de\/index.php?rest_route=\/wp\/v2\/users\/3"}],"replies":[{"embeddable":true,"href":"https:\/\/www.trachtenverband-unterfranken.de\/index.php?rest_route=%2Fwp%2Fv2%2Fcomments&post=2353"}],"version-history":[{"count":4,"href":"https:\/\/www.trachtenverband-unterfranken.de\/index.php?rest_route=\/wp\/v2\/posts\/2353\/revisions"}],"predecessor-version":[{"id":2369,"href":"https:\/\/www.trachtenverband-unterfranken.de\/index.php?rest_route=\/wp\/v2\/posts\/2353\/revisions\/2369"}],"wp:attachment":[{"href":"https:\/\/www.trachtenverband-unterfranken.de\/index.php?rest_route=%2Fwp%2Fv2%2Fmedia&parent=2353"}],"wp:term":[{"taxonomy":"category","embeddable":true,"href":"https:\/\/www.trachtenverband-unterfranken.de\/index.php?rest_route=%2Fwp%2Fv2%2Fcategories&post=2353"},{"taxonomy":"post_tag","embeddable":true,"href":"https:\/\/www.trachtenverband-unterfranken.de\/index.php?rest_route=%2Fwp%2Fv2%2Ftags&post=2353"}],"curies":[{"name":"wp","href":"https:\/\/api.w.org\/{rel}","templated":true}]}}