{"id":2361,"date":"2012-01-11T22:47:30","date_gmt":"2012-01-11T21:47:30","guid":{"rendered":"http:\/\/www.trachtenverband-unterfranken.de\/?p=2361"},"modified":"2012-01-11T22:48:40","modified_gmt":"2012-01-11T21:48:40","slug":"weihnachtsfeier-des-historischen-burschenverein-sommerhausen","status":"publish","type":"post","link":"https:\/\/www.trachtenverband-unterfranken.de\/?p=2361","title":{"rendered":"Weihnachtsfeier des Historischen Burschenverein Sommerhausen"},"content":{"rendered":"<p><a href=\"https:\/\/www.trachtenverband-unterfranken.de\/wp-content\/uploads\/2012\/01\/JD803517.jpg\"><img loading=\"lazy\" decoding=\"async\" class=\"alignleft size-medium wp-image-2362\" style=\"margin: 5px;\" title=\"JD803517\" src=\"https:\/\/www.trachtenverband-unterfranken.de\/wp-content\/uploads\/2012\/01\/JD803517-300x224.jpg\" alt=\"\" width=\"300\" height=\"224\" srcset=\"https:\/\/www.trachtenverband-unterfranken.de\/wp-content\/uploads\/2012\/01\/JD803517-300x224.jpg 300w, https:\/\/www.trachtenverband-unterfranken.de\/wp-content\/uploads\/2012\/01\/JD803517.jpg 667w\" sizes=\"(max-width: 300px) 100vw, 300px\" \/><\/a><span style=\"color: #000000;\"><span style=\"font-size: medium;\">Der Historische Burschenverein feierte am 17. Dezember seine Weihnachtsfeier in der Turnhalle in Sommerhausen.<\/span><\/span><\/p>\n<p><span style=\"color: #000000;\"><span style=\"font-size: medium;\">Viele Mitglieder, Freunde und G\u00f6nner kamen und so konnte 1.Vorsitzender Werner Sch\u00f6nig die vielen G\u00e4ste begr\u00fc\u00dfen. Er dankten allen die den Verein im <\/span><\/span><\/p>\n<p><span style=\"color: #000000;\"><span style=\"font-size: medium;\">vergangenen Jahr unterst\u00fctzt haben sowie allen Spender f\u00fcr die allj\u00e4hrliche <\/span><\/span><\/p>\n<p><span style=\"color: #000000;\"><span style=\"font-size: medium;\">Tombola und er\u00f6ffnete die Feier.<\/span><\/span><\/p>\n<p><span style=\"color: #000000;\"><span style=\"font-size: medium;\">Mit Gedichten und einen Einakter \u201eLiebesgl\u00fcck mit Hinternissen\u201c der Jugend begann das Programm. Vortr\u00e4ge zur Weihnachtszeit und erstmals trat der Schutzengel des Vereins auf und berichtete \u00fcber die Geschehnisse des Vereinsjahres.<\/span><\/span><\/p>\n<p><span style=\"color: #000000;\"><span style=\"font-size: medium;\">Auch Ehrungen wurde wieder durchgef\u00fchrt. Geehrt wurden f\u00fcr <\/span><\/span><\/p>\n<p><span style=\"color: #000000;\"><span style=\"font-size: medium;\">25 Jahre Amend Elsbeth, Amend Peter, Dusel Gerd, Lindner Frank, Pla\u00dfwig Uwe, Skirde Thomas, Vogel G\u00fcnter, Zobel Gudrun.<\/span><\/span><\/p>\n<p><span style=\"color: #000000;\"><span style=\"font-size: medium;\">F\u00fcr 40 Jahre Benkert Sabine, Benkert Peter, Dusel Georg, Fink Hermann, Kistner Thomas, M\u00fcndlein Clemens, M\u00fcndlein Ruth, M\u00fcndlein Renate, Sch\u00f6nig Werner, Steinmann Artur, Wenzel Claus.<\/span><\/span><\/p>\n<p><span style=\"color: #000000;\"><span style=\"font-size: medium;\">F\u00fcr 50 Jahre Mitgliedschaft Dusel J\u00fcrgen, Schwarz Paul. <\/span><\/span><\/p>\n<p><span style=\"color: #000000;\"><span style=\"font-size: medium;\">1.Vorsitzender danke und \u00fcberreichte ihnen eine Urkunde. Die Verbandsehrungen \u00fcbernahmen, Oliver Brust Gauvorstand Unterfranken und J\u00fcrgen M\u00fcller 2.Gauvorsitzender von der Vereinigung links der Donau<\/span><\/span><\/p>\n<p><span style=\"color: #000000;\"><span style=\"font-size: medium;\">Der H\u00f6hepunkt des Abends war ein Zweitakter \u201eDer Erbsenz\u00e4hler\u201c, aufgef\u00fchrt von der Theatergruppe. Alle Akteure der Weihnachtsfeier wurden mit viel Applaus honoriert.<\/span><\/span><\/p>\n<p><span style=\"color: #000000;\"><span style=\"font-size: medium;\">Mit dem Singen des Vereinsliedes endete die Feier, 1.Vorsitzende Werner <\/span><\/span><\/p>\n<p><span style=\"color: #000000;\"><span style=\"font-size: medium;\">Sch\u00f6nig w\u00fcnschte allen noch sch\u00f6ne Feiertage und ein gesundes <\/span><\/span><\/p>\n<p><span style=\"color: #000000;\"><span style=\"font-size: medium;\">neues Jahr 2012. <\/span><\/span><\/p>\n","protected":false},"excerpt":{"rendered":"<p>Der Historische Burschenverein feierte am 17. Dezember seine Weihnachtsfeier in der Turnhalle in Sommerhausen. Viele Mitglieder, Freunde und G\u00f6nner kamen und so konnte 1.Vorsitzender Werner Sch\u00f6nig die vielen G\u00e4ste begr\u00fc\u00dfen. Er dankten allen die den Verein im vergangenen Jahr unterst\u00fctzt haben sowie allen Spender f\u00fcr die allj\u00e4hrliche Tombola und er\u00f6ffnete die Feier. Mit Gedichten und &hellip; <a href=\"https:\/\/www.trachtenverband-unterfranken.de\/?p=2361\" class=\"more-link\"><span class=\"screen-reader-text\">Weihnachtsfeier des Historischen Burschenverein Sommerhausen<\/span> weiterlesen<\/a><\/p>\n","protected":false},"author":3,"featured_media":0,"comment_status":"closed","ping_status":"closed","sticky":false,"template":"","format":"standard","meta":{"footnotes":""},"categories":[1,9],"tags":[],"_links":{"self":[{"href":"https:\/\/www.trachtenverband-unterfranken.de\/index.php?rest_route=\/wp\/v2\/posts\/2361"}],"collection":[{"href":"https:\/\/www.trachtenverband-unterfranken.de\/index.php?rest_route=\/wp\/v2\/posts"}],"about":[{"href":"https:\/\/www.trachtenverband-unterfranken.de\/index.php?rest_route=\/wp\/v2\/types\/post"}],"author":[{"embeddable":true,"href":"https:\/\/www.trachtenverband-unterfranken.de\/index.php?rest_route=\/wp\/v2\/users\/3"}],"replies":[{"embeddable":true,"href":"https:\/\/www.trachtenverband-unterfranken.de\/index.php?rest_route=%2Fwp%2Fv2%2Fcomments&post=2361"}],"version-history":[{"count":2,"href":"https:\/\/www.trachtenverband-unterfranken.de\/index.php?rest_route=\/wp\/v2\/posts\/2361\/revisions"}],"predecessor-version":[{"id":2364,"href":"https:\/\/www.trachtenverband-unterfranken.de\/index.php?rest_route=\/wp\/v2\/posts\/2361\/revisions\/2364"}],"wp:attachment":[{"href":"https:\/\/www.trachtenverband-unterfranken.de\/index.php?rest_route=%2Fwp%2Fv2%2Fmedia&parent=2361"}],"wp:term":[{"taxonomy":"category","embeddable":true,"href":"https:\/\/www.trachtenverband-unterfranken.de\/index.php?rest_route=%2Fwp%2Fv2%2Fcategories&post=2361"},{"taxonomy":"post_tag","embeddable":true,"href":"https:\/\/www.trachtenverband-unterfranken.de\/index.php?rest_route=%2Fwp%2Fv2%2Ftags&post=2361"}],"curies":[{"name":"wp","href":"https:\/\/api.w.org\/{rel}","templated":true}]}}