{"id":2479,"date":"2012-04-22T11:31:39","date_gmt":"2012-04-22T09:31:39","guid":{"rendered":"http:\/\/www.trachtenverband-unterfranken.de\/?p=2479"},"modified":"2012-04-22T11:31:39","modified_gmt":"2012-04-22T09:31:39","slug":"ehrenjugendleiterin-hella-hanke-feiert-75-geburtstag","status":"publish","type":"post","link":"https:\/\/www.trachtenverband-unterfranken.de\/?p=2479","title":{"rendered":"Ehrenjugendleiterin Hella Hanke feiert 75. Geburtstag"},"content":{"rendered":"<figure id=\"attachment_2482\" aria-describedby=\"caption-attachment-2482\" style=\"width: 492px\" class=\"wp-caption alignleft\"><a href=\"https:\/\/www.trachtenverband-unterfranken.de\/wp-content\/uploads\/2012\/04\/Die-Gauvorst\u00e4nde-gratulieren-Hella-Hanke-zum-75.-Geb.1.jpg\"><img loading=\"lazy\" decoding=\"async\" class=\" wp-image-2482\" title=\"Die Gauvorst\u00e4nde gratulieren Hella Hanke zum 75. Geb.\" src=\"https:\/\/www.trachtenverband-unterfranken.de\/wp-content\/uploads\/2012\/04\/Die-Gauvorst\u00e4nde-gratulieren-Hella-Hanke-zum-75.-Geb.1.jpg\" alt=\"\" width=\"492\" height=\"354\" \/><\/a><figcaption id=\"caption-attachment-2482\" class=\"wp-caption-text\">Die Gauvorst\u00e4nde Oliver Brust und Manfred Sitzmann gratulieren Hella Hanke zum 75. Geburtstag<\/figcaption><\/figure>\n<p>Unsere\u00a0Gauehrenjugendleiterin Hella Hanke feierte ihren 75. Geburtstag. Ein gro\u00dfes Fest im Kreise ihrer Familie und Freunde. Mit\u00a075 ist sie immer noch als Tanzleiterin bei der Volkstanzgruppe Eu\u00dfenheim aktiv. Von ihrem Heimatverein aus Karlstadt gratulierten Christian und Ingeborg Knaus. Auch wir Gauvorst\u00e4nde lie\u00dfen es uns nicht nehmen unserer Hella im Namen des Trachtenverbandes Unterfranken e.V. zu\u00a0 gratulieren.<\/p>\n<p>Liebe Hella<\/p>\n<p>alles Liebe und Gute zum Geburtstag, Gesundheit und Gottes Segen &#8211; das w\u00fcnschen Dir Deine Trachtler aus Unterfranken.<\/p>\n<p>&nbsp;<\/p>\n<p>Oliver Brust und Manfred Sitzmann<\/p>\n","protected":false},"excerpt":{"rendered":"<p>Unsere\u00a0Gauehrenjugendleiterin Hella Hanke feierte ihren 75. Geburtstag. Ein gro\u00dfes Fest im Kreise ihrer Familie und Freunde. Mit\u00a075 ist sie immer noch als Tanzleiterin bei der Volkstanzgruppe Eu\u00dfenheim aktiv. Von ihrem Heimatverein aus Karlstadt gratulierten Christian und Ingeborg Knaus. Auch wir Gauvorst\u00e4nde lie\u00dfen es uns nicht nehmen unserer Hella im Namen des Trachtenverbandes Unterfranken e.V. zu\u00a0 &hellip; <a href=\"https:\/\/www.trachtenverband-unterfranken.de\/?p=2479\" class=\"more-link\"><span class=\"screen-reader-text\">Ehrenjugendleiterin Hella Hanke feiert 75. Geburtstag<\/span> weiterlesen<\/a><\/p>\n","protected":false},"author":2,"featured_media":0,"comment_status":"closed","ping_status":"closed","sticky":false,"template":"","format":"standard","meta":{"footnotes":""},"categories":[1,4,9,13],"tags":[],"_links":{"self":[{"href":"https:\/\/www.trachtenverband-unterfranken.de\/index.php?rest_route=\/wp\/v2\/posts\/2479"}],"collection":[{"href":"https:\/\/www.trachtenverband-unterfranken.de\/index.php?rest_route=\/wp\/v2\/posts"}],"about":[{"href":"https:\/\/www.trachtenverband-unterfranken.de\/index.php?rest_route=\/wp\/v2\/types\/post"}],"author":[{"embeddable":true,"href":"https:\/\/www.trachtenverband-unterfranken.de\/index.php?rest_route=\/wp\/v2\/users\/2"}],"replies":[{"embeddable":true,"href":"https:\/\/www.trachtenverband-unterfranken.de\/index.php?rest_route=%2Fwp%2Fv2%2Fcomments&post=2479"}],"version-history":[{"count":6,"href":"https:\/\/www.trachtenverband-unterfranken.de\/index.php?rest_route=\/wp\/v2\/posts\/2479\/revisions"}],"predecessor-version":[{"id":2487,"href":"https:\/\/www.trachtenverband-unterfranken.de\/index.php?rest_route=\/wp\/v2\/posts\/2479\/revisions\/2487"}],"wp:attachment":[{"href":"https:\/\/www.trachtenverband-unterfranken.de\/index.php?rest_route=%2Fwp%2Fv2%2Fmedia&parent=2479"}],"wp:term":[{"taxonomy":"category","embeddable":true,"href":"https:\/\/www.trachtenverband-unterfranken.de\/index.php?rest_route=%2Fwp%2Fv2%2Fcategories&post=2479"},{"taxonomy":"post_tag","embeddable":true,"href":"https:\/\/www.trachtenverband-unterfranken.de\/index.php?rest_route=%2Fwp%2Fv2%2Ftags&post=2479"}],"curies":[{"name":"wp","href":"https:\/\/api.w.org\/{rel}","templated":true}]}}