{"id":2488,"date":"2012-05-08T15:14:38","date_gmt":"2012-05-08T13:14:38","guid":{"rendered":"http:\/\/www.trachtenverband-unterfranken.de\/?p=2488"},"modified":"2012-05-08T15:18:08","modified_gmt":"2012-05-08T13:18:08","slug":"trachtenausstellung-in-oberelsbach","status":"publish","type":"post","link":"https:\/\/www.trachtenverband-unterfranken.de\/?p=2488","title":{"rendered":"Trachtenausstellung in Oberelsbach"},"content":{"rendered":"<div id='gallery-1' class='gallery galleryid-2488 gallery-columns-3 gallery-size-thumbnail'><figure class='gallery-item'>\n\t\t\t<div class='gallery-icon landscape'>\n\t\t\t\t<a href='https:\/\/www.trachtenverband-unterfranken.de\/wp-content\/uploads\/2012\/05\/P1100139.jpg'><img loading=\"lazy\" decoding=\"async\" width=\"150\" height=\"150\" src=\"https:\/\/www.trachtenverband-unterfranken.de\/wp-content\/uploads\/2012\/05\/P1100139-150x150.jpg\" class=\"attachment-thumbnail size-thumbnail\" alt=\"\" \/><\/a>\n\t\t\t<\/div><\/figure><figure class='gallery-item'>\n\t\t\t<div class='gallery-icon landscape'>\n\t\t\t\t<a href='https:\/\/www.trachtenverband-unterfranken.de\/wp-content\/uploads\/2012\/05\/P1100137.jpg'><img loading=\"lazy\" decoding=\"async\" width=\"150\" height=\"150\" src=\"https:\/\/www.trachtenverband-unterfranken.de\/wp-content\/uploads\/2012\/05\/P1100137-150x150.jpg\" class=\"attachment-thumbnail size-thumbnail\" alt=\"\" \/><\/a>\n\t\t\t<\/div><\/figure><figure class='gallery-item'>\n\t\t\t<div class='gallery-icon landscape'>\n\t\t\t\t<a href='https:\/\/www.trachtenverband-unterfranken.de\/wp-content\/uploads\/2012\/05\/P1100135.jpg'><img loading=\"lazy\" decoding=\"async\" width=\"150\" height=\"150\" src=\"https:\/\/www.trachtenverband-unterfranken.de\/wp-content\/uploads\/2012\/05\/P1100135-150x150.jpg\" class=\"attachment-thumbnail size-thumbnail\" alt=\"\" \/><\/a>\n\t\t\t<\/div><\/figure><figure class='gallery-item'>\n\t\t\t<div class='gallery-icon landscape'>\n\t\t\t\t<a href='https:\/\/www.trachtenverband-unterfranken.de\/wp-content\/uploads\/2012\/05\/P1100130.jpg'><img loading=\"lazy\" decoding=\"async\" width=\"150\" height=\"150\" src=\"https:\/\/www.trachtenverband-unterfranken.de\/wp-content\/uploads\/2012\/05\/P1100130-150x150.jpg\" class=\"attachment-thumbnail size-thumbnail\" alt=\"\" \/><\/a>\n\t\t\t<\/div><\/figure><figure class='gallery-item'>\n\t\t\t<div class='gallery-icon landscape'>\n\t\t\t\t<a href='https:\/\/www.trachtenverband-unterfranken.de\/wp-content\/uploads\/2012\/05\/P1100124.jpg'><img loading=\"lazy\" decoding=\"async\" width=\"150\" height=\"150\" src=\"https:\/\/www.trachtenverband-unterfranken.de\/wp-content\/uploads\/2012\/05\/P1100124-150x150.jpg\" class=\"attachment-thumbnail size-thumbnail\" alt=\"\" \/><\/a>\n\t\t\t<\/div><\/figure><figure class='gallery-item'>\n\t\t\t<div class='gallery-icon landscape'>\n\t\t\t\t<a href='https:\/\/www.trachtenverband-unterfranken.de\/wp-content\/uploads\/2012\/05\/P1100105.jpg'><img loading=\"lazy\" decoding=\"async\" width=\"150\" height=\"150\" src=\"https:\/\/www.trachtenverband-unterfranken.de\/wp-content\/uploads\/2012\/05\/P1100105-150x150.jpg\" class=\"attachment-thumbnail size-thumbnail\" alt=\"\" \/><\/a>\n\t\t\t<\/div><\/figure>\n\t\t<\/div>\n\n<p>Am 06.05.2012 wurde in Oberelsbach die Trachtenausstellung des Bezirk Unterfranken er\u00f6ffnet. Die Ausstellung wurde grundlegend von der Heimatpflege des Bezirk Unterfranken konzipiert und ist als Wanderausstellung gedacht.<\/p>\n<p>Federf\u00fchrend seitens des Bezirk war die Bezirkstrachtenberaterin Christiane Landgraf, mit der wir Trachtler seit vielen Jahren gut zusammenarbeiten. In Oberelsbach liegt der Schwerpunkt der Ausstellung auf den Rh\u00f6ner Trachten, die der Trachtenverein Oberelsbach zusammengetragen hat.Federf\u00fchrend waren hier Manfred Sitzmann, der auch 2. Gauvorsitzender ist, und Andrea Nu\u00dfmann. Unterst\u00fctzt wurden die Oberelsbacher dabei auch vom Trachtenverein Fladungen.<\/p>\n<p>Aus dem Trachtengebiet &#8222;Schweinfurter Gau&#8220; stellte der Verein f\u00fcr Heimat- u. Brauchtumspflege Geldersheim e.V. drei Trachten zur Verf\u00fcgung. Integriert in die Ausstellung waren am Er\u00f6ffnungstag auch Informations- und Handarbeitsst\u00e4nde (Mitwirkende: TrV Sennfeld, Karlstadt und Gochsheim sowie die Gautrachtenberatung Alfred und Gudrun D\u00f6rr, die ehemalige Bezirkstrachtenberaterin Helga St\u00e4ndecke und Frau Werner).<\/p>\n<p>Beim Stand von Erich Wolf aus Burgsinn konnten die Besucher neue Trachtenteile, Stoffe und Zubeh\u00f6r kaufen. Es war eine interessante und gelungene Er\u00f6ffnungsfeier, bei der neben der Oberelsbacher Kindertanzgruppe auch die Gaujugendgruppe und die Gaugruppe des Trachtenverband Unterfranken e.V. auftraten.<\/p>\n<p>Der Schirmherr Bezirkstagspr\u00e4sident Erwin Dotzel wurde von seiner Stellvertreterin Karin Renner vertreten.<\/p>\n<p>Die Trachtenausstellung \u201eTrachten in Unterfranken\u201c ist bis zum 20. Mai 2012 in der Elstalhalle zu bewundern.<\/p>\n<p>\u00d6ffnungszeiten sind:<br \/>\nSamstag, 12. Mai 2012<br \/>\nSonntag, 13. Mai 2012<br \/>\nMittwoch, 17. Mai 2012<br \/>\nSamstag, 19. Mai 2012<br \/>\nSonntag, 20. Mai 2012<\/p>\n<p>jeweils von 13:00 bis 17:00 Uhr<\/p>\n<p>Mit freundlichen Gr\u00fc\u00dfen<br \/>\nOliver Brust<\/p>\n","protected":false},"excerpt":{"rendered":"<p>Am 06.05.2012 wurde in Oberelsbach die Trachtenausstellung des Bezirk Unterfranken er\u00f6ffnet. Die Ausstellung wurde grundlegend von der Heimatpflege des Bezirk Unterfranken konzipiert und ist als Wanderausstellung gedacht. Federf\u00fchrend seitens des Bezirk war die Bezirkstrachtenberaterin Christiane Landgraf, mit der wir Trachtler seit vielen Jahren gut zusammenarbeiten. In Oberelsbach liegt der Schwerpunkt der Ausstellung auf den Rh\u00f6ner &hellip; <a href=\"https:\/\/www.trachtenverband-unterfranken.de\/?p=2488\" class=\"more-link\"><span class=\"screen-reader-text\">Trachtenausstellung in Oberelsbach<\/span> weiterlesen<\/a><\/p>\n","protected":false},"author":3,"featured_media":0,"comment_status":"closed","ping_status":"closed","sticky":false,"template":"","format":"standard","meta":{"footnotes":""},"categories":[1,9,28,12],"tags":[],"_links":{"self":[{"href":"https:\/\/www.trachtenverband-unterfranken.de\/index.php?rest_route=\/wp\/v2\/posts\/2488"}],"collection":[{"href":"https:\/\/www.trachtenverband-unterfranken.de\/index.php?rest_route=\/wp\/v2\/posts"}],"about":[{"href":"https:\/\/www.trachtenverband-unterfranken.de\/index.php?rest_route=\/wp\/v2\/types\/post"}],"author":[{"embeddable":true,"href":"https:\/\/www.trachtenverband-unterfranken.de\/index.php?rest_route=\/wp\/v2\/users\/3"}],"replies":[{"embeddable":true,"href":"https:\/\/www.trachtenverband-unterfranken.de\/index.php?rest_route=%2Fwp%2Fv2%2Fcomments&post=2488"}],"version-history":[{"count":3,"href":"https:\/\/www.trachtenverband-unterfranken.de\/index.php?rest_route=\/wp\/v2\/posts\/2488\/revisions"}],"predecessor-version":[{"id":2497,"href":"https:\/\/www.trachtenverband-unterfranken.de\/index.php?rest_route=\/wp\/v2\/posts\/2488\/revisions\/2497"}],"wp:attachment":[{"href":"https:\/\/www.trachtenverband-unterfranken.de\/index.php?rest_route=%2Fwp%2Fv2%2Fmedia&parent=2488"}],"wp:term":[{"taxonomy":"category","embeddable":true,"href":"https:\/\/www.trachtenverband-unterfranken.de\/index.php?rest_route=%2Fwp%2Fv2%2Fcategories&post=2488"},{"taxonomy":"post_tag","embeddable":true,"href":"https:\/\/www.trachtenverband-unterfranken.de\/index.php?rest_route=%2Fwp%2Fv2%2Ftags&post=2488"}],"curies":[{"name":"wp","href":"https:\/\/api.w.org\/{rel}","templated":true}]}}