{"id":2695,"date":"2012-09-20T08:17:53","date_gmt":"2012-09-20T06:17:53","guid":{"rendered":"http:\/\/www.trachtenverband-unterfranken.de\/?p=2695"},"modified":"2012-09-20T08:17:53","modified_gmt":"2012-09-20T06:17:53","slug":"mundartabend-am-21-09-2012-im-vereinsheim-in-wurzburg","status":"publish","type":"post","link":"https:\/\/www.trachtenverband-unterfranken.de\/?p=2695","title":{"rendered":"Mundartabend am 21.09.2012 im Vereinsheim in W\u00fcrzburg"},"content":{"rendered":"<p>Liebe Trachten- und Brauchtumsfreunde,<\/p>\n<p>am Freitag, 21.09. 2012, um 20:00 Uhr findet im Vereinsheim der W\u00fcrzburger Trachtler (97070 W\u00fcrzburg, Richard-Wagner Stra\u00dfe 60) ein Mundartabend statt, zu dem wir herzlich einladen.\u00a0Verschiedene Mundartsprecher aus Unterfranken werden Gschichtli in fr\u00e4nkischer Mundart lesen. Unsere Heimat ist sehr vielf\u00e4ltig \u2013 nicht nur bez\u00fcglich der Trachten, sondern auch bez\u00fcglich unserer fr\u00e4nkischen Sprache.\u00a0Mit dabei sind Wolfgang D\u00fcringer (Gochsheim), Oliver Brust (Geldersheim), Edi Schmitt (Reichenbach), Gabi Bechold (Burgsinn) , Fritz Held (Ostheim\/Rh.).\u00a0Die musikalische Begleitung \u00fcbernehmen die Dreispitzmusikanten vom Trachtenverband Unterfranken (Thilo und Marco Weiskopf und Adrian Glosowitz).\u00a0Die W\u00fcrzburger Trachtler sorgen f\u00fcr Speis und Trank. Es gibt Kartoffeln, Wurst und Gerupften dazu fr\u00e4nkischen Federwei\u00dfer &#8211; auch f\u00fcr andere Getr\u00e4nke ist gesorgt.\u00a0Der Eintritt ist frei (\u201eder Hut geht rum\u201c). Platzreservierung bei Ursula Kullich Telefon (09721) 68 703.<\/p>\n<p>&nbsp;<\/p>\n<p>Mit freundlichen Gr\u00fc\u00dfen<\/p>\n<p>Ursula Kullich<\/p>\n<p>Gaubrauchtumswartin<\/p>\n<p>E-Mail: <a href=\"mailto:brauchtum@tv-ufr.de\">brauchtum@tv-ufr.de<\/a><\/p>\n","protected":false},"excerpt":{"rendered":"<p>Liebe Trachten- und Brauchtumsfreunde, am Freitag, 21.09. 2012, um 20:00 Uhr findet im Vereinsheim der W\u00fcrzburger Trachtler (97070 W\u00fcrzburg, Richard-Wagner Stra\u00dfe 60) ein Mundartabend statt, zu dem wir herzlich einladen.\u00a0Verschiedene Mundartsprecher aus Unterfranken werden Gschichtli in fr\u00e4nkischer Mundart lesen. Unsere Heimat ist sehr vielf\u00e4ltig \u2013 nicht nur bez\u00fcglich der Trachten, sondern auch bez\u00fcglich unserer fr\u00e4nkischen &hellip; <a href=\"https:\/\/www.trachtenverband-unterfranken.de\/?p=2695\" class=\"more-link\"><span class=\"screen-reader-text\">Mundartabend am 21.09.2012 im Vereinsheim in W\u00fcrzburg<\/span> weiterlesen<\/a><\/p>\n","protected":false},"author":2,"featured_media":0,"comment_status":"closed","ping_status":"closed","sticky":false,"template":"","format":"standard","meta":{"footnotes":""},"categories":[1,9,14],"tags":[],"_links":{"self":[{"href":"https:\/\/www.trachtenverband-unterfranken.de\/index.php?rest_route=\/wp\/v2\/posts\/2695"}],"collection":[{"href":"https:\/\/www.trachtenverband-unterfranken.de\/index.php?rest_route=\/wp\/v2\/posts"}],"about":[{"href":"https:\/\/www.trachtenverband-unterfranken.de\/index.php?rest_route=\/wp\/v2\/types\/post"}],"author":[{"embeddable":true,"href":"https:\/\/www.trachtenverband-unterfranken.de\/index.php?rest_route=\/wp\/v2\/users\/2"}],"replies":[{"embeddable":true,"href":"https:\/\/www.trachtenverband-unterfranken.de\/index.php?rest_route=%2Fwp%2Fv2%2Fcomments&post=2695"}],"version-history":[{"count":1,"href":"https:\/\/www.trachtenverband-unterfranken.de\/index.php?rest_route=\/wp\/v2\/posts\/2695\/revisions"}],"predecessor-version":[{"id":2696,"href":"https:\/\/www.trachtenverband-unterfranken.de\/index.php?rest_route=\/wp\/v2\/posts\/2695\/revisions\/2696"}],"wp:attachment":[{"href":"https:\/\/www.trachtenverband-unterfranken.de\/index.php?rest_route=%2Fwp%2Fv2%2Fmedia&parent=2695"}],"wp:term":[{"taxonomy":"category","embeddable":true,"href":"https:\/\/www.trachtenverband-unterfranken.de\/index.php?rest_route=%2Fwp%2Fv2%2Fcategories&post=2695"},{"taxonomy":"post_tag","embeddable":true,"href":"https:\/\/www.trachtenverband-unterfranken.de\/index.php?rest_route=%2Fwp%2Fv2%2Ftags&post=2695"}],"curies":[{"name":"wp","href":"https:\/\/api.w.org\/{rel}","templated":true}]}}