{"id":2729,"date":"2012-10-10T07:38:53","date_gmt":"2012-10-10T05:38:53","guid":{"rendered":"http:\/\/www.trachtenverband-unterfranken.de\/?p=2729"},"modified":"2012-10-10T07:38:53","modified_gmt":"2012-10-10T05:38:53","slug":"einladung-zur-vortanzerschulung","status":"publish","type":"post","link":"https:\/\/www.trachtenverband-unterfranken.de\/?p=2729","title":{"rendered":"Einladung zur Vort\u00e4nzerschulung"},"content":{"rendered":"<p>Liebe Vort\u00e4nzerinnen und Vort\u00e4nzer,<\/p>\n<p>liebe Tanzfreunde,<\/p>\n<p>wir m\u00f6chten euch recht herzlich zu unserer Herbstschulung einladen. Wir werden das Wochenende zusammen mit den Vort\u00e4nzern aus dem Trachtenverband Oberfranken verbringen.<\/p>\n<p>Wann: \u00a0\u00a0\u00a0\u00a0\u00a0\u00a0\u00a0\u00a0\u00a0\u00a0 <strong>10. bis 11. November 2012<\/strong><\/p>\n<p>Wo:\u00a0\u00a0\u00a0\u00a0\u00a0\u00a0\u00a0\u00a0\u00a0\u00a0\u00a0\u00a0\u00a0\u00a0\u00a0\u00a0 Jugendtagungshaus Wirsberg (Sessenreuther Str.31, 95339 Wirsberg)<\/p>\n<p>Kleidung:\u00a0\u00a0\u00a0\u00a0\u00a0 nat\u00fcrlich\u00a0Tracht<\/p>\n<p>Kosten:\u00a0\u00a0\u00a0\u00a0\u00a0\u00a0\u00a0\u00a0\u00a0 \u20ac 45,- pro Teilnehmer f\u00fcr Verpflegung und Unterkunft wird vor Ort kassiert.<\/p>\n<p>Wir aus Unterfranken treffen uns alle um 10 Uhr am Pendlerparkplatz in Werneck (direkt neben dem Autohof am Kreisverkehr) um Fahrgemeinschaften zu bilden, Anreise in Wirsberg ist ab 11 Uhr. Vom Gau\u00a0 bekommt jeder Teilnehmer einen Fahrtkostenzuschuss von \u20ac 10,00, sodass mit den Fahrgemeinschaften die Kosten gedeckt sind.<\/p>\n<p>F\u00fcr Samstag haben wir wieder Steffi Zachmeier als Referentin eingeladen. Sie wird ein Seminar zum Thema fr\u00e4nkische T\u00e4nze halten. Am Abend gibt\u2019s dann ein gem\u00fctliches Beisammensein. Am Sonntag wollen wir dann mit den Oberfranken zusammen Tanzen und jedem einen kleinen Blick in die verschiedenen Gaut\u00e4nze geben. Nach dem Mittagessen ist unser Wochenende dann auch schon wieder vorbei.<\/p>\n<p>An- oder Abmeldung telefonisch oder per E-Mail an uns, Anmeldeschluss ist der 28. Oktober 2012. Es d\u00fcrfen sich gerne auch andere Tanzbegeisterte aus euren Vereinen anmelden.<\/p>\n<p>Mit Trachtengru\u00df<\/p>\n<p>Eure Vort\u00e4nzer<\/p>\n<p>Florian und Bianca<\/p>\n<p>&nbsp;<\/p>\n<table width=\"605\" border=\"0\" cellspacing=\"0\" cellpadding=\"0\">\n<tbody>\n<tr>\n<td valign=\"top\" width=\"302\"><em>Florian Kre\u00df<\/em><\/p>\n<p><em>09723\/1291<\/em><\/p>\n<p><em>0175\/5815408<\/em><\/p>\n<p><em>tanz1@tv-ufr.de<\/em><\/td>\n<td valign=\"top\" width=\"302\">Bianca Sch\u00f6nig<\/p>\n<p>09321\/3996737<\/p>\n<p>0151\/52504427<\/p>\n<p>tanz2@tv-ufr.de<\/td>\n<\/tr>\n<\/tbody>\n<\/table>\n<p>&nbsp;<\/p>\n","protected":false},"excerpt":{"rendered":"<p>Liebe Vort\u00e4nzerinnen und Vort\u00e4nzer, liebe Tanzfreunde, wir m\u00f6chten euch recht herzlich zu unserer Herbstschulung einladen. Wir werden das Wochenende zusammen mit den Vort\u00e4nzern aus dem Trachtenverband Oberfranken verbringen. Wann: \u00a0\u00a0\u00a0\u00a0\u00a0\u00a0\u00a0\u00a0\u00a0\u00a0 10. bis 11. November 2012 Wo:\u00a0\u00a0\u00a0\u00a0\u00a0\u00a0\u00a0\u00a0\u00a0\u00a0\u00a0\u00a0\u00a0\u00a0\u00a0\u00a0 Jugendtagungshaus Wirsberg (Sessenreuther Str.31, 95339 Wirsberg) Kleidung:\u00a0\u00a0\u00a0\u00a0\u00a0 nat\u00fcrlich\u00a0Tracht Kosten:\u00a0\u00a0\u00a0\u00a0\u00a0\u00a0\u00a0\u00a0\u00a0 \u20ac 45,- pro Teilnehmer f\u00fcr Verpflegung und Unterkunft wird vor &hellip; <a href=\"https:\/\/www.trachtenverband-unterfranken.de\/?p=2729\" class=\"more-link\"><span class=\"screen-reader-text\">Einladung zur Vort\u00e4nzerschulung<\/span> weiterlesen<\/a><\/p>\n","protected":false},"author":2,"featured_media":0,"comment_status":"closed","ping_status":"closed","sticky":false,"template":"","format":"standard","meta":{"footnotes":""},"categories":[1,7,12],"tags":[],"_links":{"self":[{"href":"https:\/\/www.trachtenverband-unterfranken.de\/index.php?rest_route=\/wp\/v2\/posts\/2729"}],"collection":[{"href":"https:\/\/www.trachtenverband-unterfranken.de\/index.php?rest_route=\/wp\/v2\/posts"}],"about":[{"href":"https:\/\/www.trachtenverband-unterfranken.de\/index.php?rest_route=\/wp\/v2\/types\/post"}],"author":[{"embeddable":true,"href":"https:\/\/www.trachtenverband-unterfranken.de\/index.php?rest_route=\/wp\/v2\/users\/2"}],"replies":[{"embeddable":true,"href":"https:\/\/www.trachtenverband-unterfranken.de\/index.php?rest_route=%2Fwp%2Fv2%2Fcomments&post=2729"}],"version-history":[{"count":2,"href":"https:\/\/www.trachtenverband-unterfranken.de\/index.php?rest_route=\/wp\/v2\/posts\/2729\/revisions"}],"predecessor-version":[{"id":2731,"href":"https:\/\/www.trachtenverband-unterfranken.de\/index.php?rest_route=\/wp\/v2\/posts\/2729\/revisions\/2731"}],"wp:attachment":[{"href":"https:\/\/www.trachtenverband-unterfranken.de\/index.php?rest_route=%2Fwp%2Fv2%2Fmedia&parent=2729"}],"wp:term":[{"taxonomy":"category","embeddable":true,"href":"https:\/\/www.trachtenverband-unterfranken.de\/index.php?rest_route=%2Fwp%2Fv2%2Fcategories&post=2729"},{"taxonomy":"post_tag","embeddable":true,"href":"https:\/\/www.trachtenverband-unterfranken.de\/index.php?rest_route=%2Fwp%2Fv2%2Ftags&post=2729"}],"curies":[{"name":"wp","href":"https:\/\/api.w.org\/{rel}","templated":true}]}}