{"id":2738,"date":"2012-10-10T19:50:46","date_gmt":"2012-10-10T17:50:46","guid":{"rendered":"http:\/\/www.trachtenverband-unterfranken.de\/?p=2738"},"modified":"2012-10-10T19:50:46","modified_gmt":"2012-10-10T17:50:46","slug":"vordrucke-fur-jugendzuschuss","status":"publish","type":"post","link":"https:\/\/www.trachtenverband-unterfranken.de\/?p=2738","title":{"rendered":"Vordrucke f\u00fcr Jugendzuschuss"},"content":{"rendered":"<p>Liebe Jugendleiter,<\/p>\n<p>anbei die Vordrucke f\u00fcr den Jugendzuschuss. Bitte unbedingt den Erhebungsbogen ausf\u00fcllen und bei Inge abgeben, auch wenn Euer Verein keine aktive Jugendgruppe hat. F\u00fcr R\u00fcckfragen bitte an Inge Burkard-Vetterodt wenden.<\/p>\n<p><a href=\"https:\/\/www.trachtenverband-unterfranken.de\/wp-content\/uploads\/2012\/10\/Antrag_F\u00f6rderung_Jugendarbeit_BTV_FormularVereine_080711.pdf\">Antrag_F\u00f6rderung_Jugendarbeit_BTV_FormularVereine_080711<\/a><\/p>\n<p><a href=\"https:\/\/www.trachtenverband-unterfranken.de\/wp-content\/uploads\/2012\/10\/Jugenderheb.-2012-Verein.pdf\">Jugenderheb. 2012-Verein<\/a><\/p>\n<p>&nbsp;<\/p>\n<p>Mfg<\/p>\n<p>Oliver Brust<\/p>\n","protected":false},"excerpt":{"rendered":"<p>Liebe Jugendleiter, anbei die Vordrucke f\u00fcr den Jugendzuschuss. Bitte unbedingt den Erhebungsbogen ausf\u00fcllen und bei Inge abgeben, auch wenn Euer Verein keine aktive Jugendgruppe hat. F\u00fcr R\u00fcckfragen bitte an Inge Burkard-Vetterodt wenden. Antrag_F\u00f6rderung_Jugendarbeit_BTV_FormularVereine_080711 Jugenderheb. 2012-Verein &nbsp; Mfg Oliver Brust<\/p>\n","protected":false},"author":2,"featured_media":0,"comment_status":"closed","ping_status":"closed","sticky":false,"template":"","format":"standard","meta":{"footnotes":""},"categories":[1,13],"tags":[],"_links":{"self":[{"href":"https:\/\/www.trachtenverband-unterfranken.de\/index.php?rest_route=\/wp\/v2\/posts\/2738"}],"collection":[{"href":"https:\/\/www.trachtenverband-unterfranken.de\/index.php?rest_route=\/wp\/v2\/posts"}],"about":[{"href":"https:\/\/www.trachtenverband-unterfranken.de\/index.php?rest_route=\/wp\/v2\/types\/post"}],"author":[{"embeddable":true,"href":"https:\/\/www.trachtenverband-unterfranken.de\/index.php?rest_route=\/wp\/v2\/users\/2"}],"replies":[{"embeddable":true,"href":"https:\/\/www.trachtenverband-unterfranken.de\/index.php?rest_route=%2Fwp%2Fv2%2Fcomments&post=2738"}],"version-history":[{"count":2,"href":"https:\/\/www.trachtenverband-unterfranken.de\/index.php?rest_route=\/wp\/v2\/posts\/2738\/revisions"}],"predecessor-version":[{"id":2742,"href":"https:\/\/www.trachtenverband-unterfranken.de\/index.php?rest_route=\/wp\/v2\/posts\/2738\/revisions\/2742"}],"wp:attachment":[{"href":"https:\/\/www.trachtenverband-unterfranken.de\/index.php?rest_route=%2Fwp%2Fv2%2Fmedia&parent=2738"}],"wp:term":[{"taxonomy":"category","embeddable":true,"href":"https:\/\/www.trachtenverband-unterfranken.de\/index.php?rest_route=%2Fwp%2Fv2%2Fcategories&post=2738"},{"taxonomy":"post_tag","embeddable":true,"href":"https:\/\/www.trachtenverband-unterfranken.de\/index.php?rest_route=%2Fwp%2Fv2%2Ftags&post=2738"}],"curies":[{"name":"wp","href":"https:\/\/api.w.org\/{rel}","templated":true}]}}