{"id":2762,"date":"2012-10-27T23:55:56","date_gmt":"2012-10-27T21:55:56","guid":{"rendered":"http:\/\/www.trachtenverband-unterfranken.de\/?p=2762"},"modified":"2012-10-28T00:17:07","modified_gmt":"2012-10-27T22:17:07","slug":"musikantenstammtisch-am-21-01-2012-in-ochsenfurt","status":"publish","type":"post","link":"https:\/\/www.trachtenverband-unterfranken.de\/?p=2762","title":{"rendered":"Musikantenstammtisch am 21.10.2012 in Ochsenfurt"},"content":{"rendered":"<p><a href=\"https:\/\/www.trachtenverband-unterfranken.de\/?attachment_id=2761\" rel=\"attachment wp-att-2761\"><img decoding=\"async\" class=\"size-full wp-image-2761 alignnone\" title=\"Musikantenstammtisch\" src=\"https:\/\/www.trachtenverband-unterfranken.de\/wp-content\/uploads\/2012\/10\/Musikantenstammtisch.jpg\" alt=\"\" width=\"100%\" srcset=\"https:\/\/www.trachtenverband-unterfranken.de\/wp-content\/uploads\/2012\/10\/Musikantenstammtisch.jpg 667w, https:\/\/www.trachtenverband-unterfranken.de\/wp-content\/uploads\/2012\/10\/Musikantenstammtisch-300x224.jpg 300w\" sizes=\"(max-width: 667px) 100vw, 667px\" \/><\/a><\/p>\n<p>Am Sonntagmorgen fand der erste Musikantenstammtisch zusammen mit den Gaumusikwarten Thilo und Marco Weiskopf statt. Die anf\u00e4nglichen Bedenken der Gaumusikwarte, den leckeren Kuchen ganz alleine verdr\u00fccken zu m\u00fcssen, schwanden, als ein Auto mit Musikern vorfuhr. Anschlie\u00dfend gesellten sich noch ein paar Musiker aus der Gegend dazu. Nachdem sich alle interessierten eingefunden hatten, begann Thilo mit der Begr\u00fc\u00dfung. Im Anschluss daran erz\u00e4hlte jeder kurz etwas \u00fcber sich und dann wurde gemeinsam musiziert.<\/p>\n<p>Zum Mittagessen ging es dann mit den Instrumenten in den Gasthof Kauzen. Man kann ja nie wissen, wie lang das Essen braucht. So kam es dann auch. Das Essen lie\u00df auf sich warten und so erhoben wir unsere Stimmen und sangen gemeinsam lustige fr\u00e4nkische Lieder. Zwischenzeitlich wurde dann kurz zur Nahrungsaufnahme unterbrochen, um dann gut gest\u00e4rkt weiter im Gasthof zu musizieren und singen. Die anderen Besucher waren begeistert und ergriffen zu gleich und bedankten sich sogar f\u00fcr dieses sch\u00f6ne Erlebnis.<\/p>\n<p>Zum Ausklang des Musikerstammtisches marschierten wir mit dem Frankenliedmarsch durch die Ochsenfurter Hauptstra\u00dfe zum Proberaum zur\u00fcck. Sch\u00f6n zu beobachten war es dabei, wie die anwesenden Passanten sich im Spalier aufstellen und mit gro\u00dfen begeisterten Augen uns anschauten und klatschten.<\/p>\n<p>Zusammenfassend war es ein sch\u00f6ner, lustiger und geselliger Musikantenstammtisch.<\/p>\n","protected":false},"excerpt":{"rendered":"<p>Am Sonntagmorgen fand der erste Musikantenstammtisch zusammen mit den Gaumusikwarten Thilo und Marco Weiskopf statt. Die anf\u00e4nglichen Bedenken der Gaumusikwarte, den leckeren Kuchen ganz alleine verdr\u00fccken zu m\u00fcssen, schwanden, als ein Auto mit Musikern vorfuhr. Anschlie\u00dfend gesellten sich noch ein paar Musiker aus der Gegend dazu. Nachdem sich alle interessierten eingefunden hatten, begann Thilo mit &hellip; <a href=\"https:\/\/www.trachtenverband-unterfranken.de\/?p=2762\" class=\"more-link\"><span class=\"screen-reader-text\">Musikantenstammtisch am 21.10.2012 in Ochsenfurt<\/span> weiterlesen<\/a><\/p>\n","protected":false},"author":4,"featured_media":0,"comment_status":"closed","ping_status":"closed","sticky":false,"template":"","format":"standard","meta":{"footnotes":""},"categories":[1,9,11],"tags":[],"_links":{"self":[{"href":"https:\/\/www.trachtenverband-unterfranken.de\/index.php?rest_route=\/wp\/v2\/posts\/2762"}],"collection":[{"href":"https:\/\/www.trachtenverband-unterfranken.de\/index.php?rest_route=\/wp\/v2\/posts"}],"about":[{"href":"https:\/\/www.trachtenverband-unterfranken.de\/index.php?rest_route=\/wp\/v2\/types\/post"}],"author":[{"embeddable":true,"href":"https:\/\/www.trachtenverband-unterfranken.de\/index.php?rest_route=\/wp\/v2\/users\/4"}],"replies":[{"embeddable":true,"href":"https:\/\/www.trachtenverband-unterfranken.de\/index.php?rest_route=%2Fwp%2Fv2%2Fcomments&post=2762"}],"version-history":[{"count":7,"href":"https:\/\/www.trachtenverband-unterfranken.de\/index.php?rest_route=\/wp\/v2\/posts\/2762\/revisions"}],"predecessor-version":[{"id":2769,"href":"https:\/\/www.trachtenverband-unterfranken.de\/index.php?rest_route=\/wp\/v2\/posts\/2762\/revisions\/2769"}],"wp:attachment":[{"href":"https:\/\/www.trachtenverband-unterfranken.de\/index.php?rest_route=%2Fwp%2Fv2%2Fmedia&parent=2762"}],"wp:term":[{"taxonomy":"category","embeddable":true,"href":"https:\/\/www.trachtenverband-unterfranken.de\/index.php?rest_route=%2Fwp%2Fv2%2Fcategories&post=2762"},{"taxonomy":"post_tag","embeddable":true,"href":"https:\/\/www.trachtenverband-unterfranken.de\/index.php?rest_route=%2Fwp%2Fv2%2Ftags&post=2762"}],"curies":[{"name":"wp","href":"https:\/\/api.w.org\/{rel}","templated":true}]}}