{"id":2771,"date":"2012-10-31T11:19:57","date_gmt":"2012-10-31T10:19:57","guid":{"rendered":"http:\/\/www.trachtenverband-unterfranken.de\/?p=2771"},"modified":"2012-10-31T11:19:57","modified_gmt":"2012-10-31T10:19:57","slug":"oliver-brust-bei-sabine-sauer-im-bayerischen-fernsehen","status":"publish","type":"post","link":"https:\/\/www.trachtenverband-unterfranken.de\/?p=2771","title":{"rendered":"Oliver Brust bei Sabine Sauer im Bayerischen Fernsehen"},"content":{"rendered":"<figure id=\"attachment_2772\" aria-describedby=\"caption-attachment-2772\" style=\"width: 554px\" class=\"wp-caption alignleft\"><a href=\"https:\/\/www.trachtenverband-unterfranken.de\/wp-content\/uploads\/2012\/10\/P1120435kleiner.jpg\"><img loading=\"lazy\" decoding=\"async\" class=\" wp-image-2772\" title=\"P1120435kleiner\" src=\"https:\/\/www.trachtenverband-unterfranken.de\/wp-content\/uploads\/2012\/10\/P1120435kleiner.jpg\" alt=\"\" width=\"554\" height=\"439\" \/><\/a><figcaption id=\"caption-attachment-2772\" class=\"wp-caption-text\">Oliver Brust und die Fernsehmoderatorin Sabine Sauer am 29.10.2012 in M\u00fcnchen<\/figcaption><\/figure>\n<p>Am 29.10.2012 stellte Oliver Brust die Geldersheimer Trachten und die Galderschummer Kerwa in der Fernsehsendung \u201cWir in Bayern\u201d im Bay. Fernsehen bei Sabine Sauer vor. An den zwei Schneiderpuppen sind eine Geldersheimer Festtracht aus der Zeit um 1920 (schwarzes Samtk\u00f6rreskl\u00e4d mit Spiegeltuch) und eine Festtracht aus der Zeit um 1850-1880 (mit geflammten Tuch und den charakteristischen Sch\u00fcrzenb\u00e4ndern) zu sehen.<\/p>\n","protected":false},"excerpt":{"rendered":"<p>Am 29.10.2012 stellte Oliver Brust die Geldersheimer Trachten und die Galderschummer Kerwa in der Fernsehsendung \u201cWir in Bayern\u201d im Bay. Fernsehen bei Sabine Sauer vor. An den zwei Schneiderpuppen sind eine Geldersheimer Festtracht aus der Zeit um 1920 (schwarzes Samtk\u00f6rreskl\u00e4d mit Spiegeltuch) und eine Festtracht aus der Zeit um 1850-1880 (mit geflammten Tuch und den &hellip; <a href=\"https:\/\/www.trachtenverband-unterfranken.de\/?p=2771\" class=\"more-link\"><span class=\"screen-reader-text\">Oliver Brust bei Sabine Sauer im Bayerischen Fernsehen<\/span> weiterlesen<\/a><\/p>\n","protected":false},"author":2,"featured_media":0,"comment_status":"closed","ping_status":"closed","sticky":false,"template":"","format":"standard","meta":{"footnotes":""},"categories":[1],"tags":[],"_links":{"self":[{"href":"https:\/\/www.trachtenverband-unterfranken.de\/index.php?rest_route=\/wp\/v2\/posts\/2771"}],"collection":[{"href":"https:\/\/www.trachtenverband-unterfranken.de\/index.php?rest_route=\/wp\/v2\/posts"}],"about":[{"href":"https:\/\/www.trachtenverband-unterfranken.de\/index.php?rest_route=\/wp\/v2\/types\/post"}],"author":[{"embeddable":true,"href":"https:\/\/www.trachtenverband-unterfranken.de\/index.php?rest_route=\/wp\/v2\/users\/2"}],"replies":[{"embeddable":true,"href":"https:\/\/www.trachtenverband-unterfranken.de\/index.php?rest_route=%2Fwp%2Fv2%2Fcomments&post=2771"}],"version-history":[{"count":2,"href":"https:\/\/www.trachtenverband-unterfranken.de\/index.php?rest_route=\/wp\/v2\/posts\/2771\/revisions"}],"predecessor-version":[{"id":2774,"href":"https:\/\/www.trachtenverband-unterfranken.de\/index.php?rest_route=\/wp\/v2\/posts\/2771\/revisions\/2774"}],"wp:attachment":[{"href":"https:\/\/www.trachtenverband-unterfranken.de\/index.php?rest_route=%2Fwp%2Fv2%2Fmedia&parent=2771"}],"wp:term":[{"taxonomy":"category","embeddable":true,"href":"https:\/\/www.trachtenverband-unterfranken.de\/index.php?rest_route=%2Fwp%2Fv2%2Fcategories&post=2771"},{"taxonomy":"post_tag","embeddable":true,"href":"https:\/\/www.trachtenverband-unterfranken.de\/index.php?rest_route=%2Fwp%2Fv2%2Ftags&post=2771"}],"curies":[{"name":"wp","href":"https:\/\/api.w.org\/{rel}","templated":true}]}}