{"id":2775,"date":"2012-11-03T10:51:15","date_gmt":"2012-11-03T09:51:15","guid":{"rendered":"http:\/\/www.trachtenverband-unterfranken.de\/?p=2775"},"modified":"2012-11-03T10:51:15","modified_gmt":"2012-11-03T09:51:15","slug":"geldersheimer-laden-zur-kerwa-ein-vom-23-26-11-2012","status":"publish","type":"post","link":"https:\/\/www.trachtenverband-unterfranken.de\/?p=2775","title":{"rendered":"Geldersheimer laden zur Kerwa ein vom 23.-26.11.2012"},"content":{"rendered":"<p>Unsere Novemberkirchweih l\u00e4sst sich auf das Jahr 1764 zur\u00fcckf\u00fchren, in dem der W\u00fcrzburger F\u00fcrstbischof Adam Friedrich vorn Seinsheim alle Kirchweihen in seinem Herrschaftsgebiet auf das Wochenende nach Martini festgelegt hat. Geldersheim feierte zu seiner Martini-Hauptkirchweih eine Nachkirchweih. Aus dieser Nachkirchweih ist die heutige Dorfkirchweih entstanden.<\/p>\n<div>\n<p>Seit 1989 veranstaltet der Verein f\u00fcr Heimt- u. Brauchtumspflege Geldersheim die traditionelle Kirchweih wie fr\u00fcher mit Fichtenburschen und Fichtenm\u00e4dchen, die gekleidet in der Geldersheimer Tracht die Kirchweihveranstaltungen gestalten.<\/p>\n<p>Mit dem fr\u00e4nkischen Tanzabend am Freitag beginnt die Galderschummer Kerwa. Die Fichtenpaare er\u00f6ffnen mit einer Ehrentour und der Kirchweih-Red den Fr\u00e4nkischen Kerwatanz. Nach der Er\u00f6ffnung ist der Tanz frei f\u00fcr alle T\u00e4nzerinnen und T\u00e4nzer. Nach altem Brauch kassieren die Fichtenburschen von den T\u00e4nzern ein \u201cZehnerle\u201d als Tanzgeld (Eintritt jedoch pro Pers. 5,00 EUR). Die Musikanten spielen die fr\u00e4nkischen Rundt\u00e4nze Walzer, Rheinl\u00e4nder, Schottisch. Nat\u00fcrlich werden auch \u201cZ\u00fcpferli\u201d, also flotte Dreischrittdreher, gespielt. Figurent\u00e4nze wie Schlamperer, Stampfer (usw.) und die Weidenberger Francaise kommen auch nicht zu kurz. Die Fichtenburschen tragen an diesem Abend den Gehrock, Fliege und Zylinder aus der Zeit um die Jahrhundertwende. Die Fichtenm\u00e4dchen tragen die Geldersheimer Tanztracht aus der Zeit um 1920.<\/p>\n<p>Am Kirchweihsamstagvormittag holen die Fichtenburschen mit der Galderschummer Blasmusik die Fichtenm\u00e4dchen zu Hause ab. Vor dem Haus wird eine Ehrentour getanzt, anschlie\u00dfend gibt es einen kleinen Umtrunk, bevor man zum n\u00e4chsten Fichtenm\u00e4dchen weiterzieht.<\/p>\n<p>Ab 14.00 Uhr ziehen die Fichtenpaare mit der Musik durch das Dorf und stellen vor den Wirtsh\u00e4usern die Kirchweihfichten auf, die auf einem alten Leiterwagen von Pferden oder Ochsen gezogen, im Zug mitgef\u00fchrt werden. Vor jeder Wirtschaft sowie beim Pfarrer und der B\u00fcrgermeisterin wird eine Ehrentour getanzt. Am fr\u00fchen Abend kehren die Fichtenpaare, die an diesem Tag die warme Arbeitstracht tragen, in der Reiterklause ein.<\/p>\n<p>Der Kirchweihsonntag beginnt um 10.30 mit einem Gottesdienst, zu dem die Fichtenm\u00e4dchen die Geldersheimer Festtracht (mit K\u00f6rres und Kr\u00e4nzle) und die Fichtenburschen Gehrock und Zylinder tragen.<\/p>\n<p align=\"justify\">Um 14.00 findet im Oberdorf der traditionelle Hammeltanz statt. Die Fichtenpaare und die Tanzgruppe des Vereins f. Heimat- u. Brauchtumspflege tanzen um den Sch\u00e4fer und den Kirchweihhammel herum, wobei ein mit Blumen geschm\u00fcckter Buschen herumgereicht wird. Der Tanz dauert so lange, bis ein zuvor gestellter Wecker klingelt. Dasjenige Paar, das beim Klingeln den Buschen in der Hand h\u00e4lt, ist der Gewinner des Hammels und wird gro\u00df gefeiert.<\/p>\n<p align=\"justify\">Im Anschluss an den Hammeltanz ziehen die T\u00e4nzerinnen und T\u00e4nzer in den Tanzsaal des Fr\u00e4nkischen Hofs, wo der fr\u00e4nkische Kirchweihtanz fortgesetzt wird.<\/p>\n<p align=\"justify\">Hier finden Sie das Programm<\/p>\n<p align=\"justify\"><a href=\"http:\/\/www.heimatverein-geldersheim.de\/programm\/\">http:\/\/www.heimatverein-geldersheim.de\/programm\/<\/a><\/p>\n<p align=\"justify\">\n<\/div>\n","protected":false},"excerpt":{"rendered":"<p>Unsere Novemberkirchweih l\u00e4sst sich auf das Jahr 1764 zur\u00fcckf\u00fchren, in dem der W\u00fcrzburger F\u00fcrstbischof Adam Friedrich vorn Seinsheim alle Kirchweihen in seinem Herrschaftsgebiet auf das Wochenende nach Martini festgelegt hat. Geldersheim feierte zu seiner Martini-Hauptkirchweih eine Nachkirchweih. Aus dieser Nachkirchweih ist die heutige Dorfkirchweih entstanden. Seit 1989 veranstaltet der Verein f\u00fcr Heimt- u. Brauchtumspflege Geldersheim &hellip; <a href=\"https:\/\/www.trachtenverband-unterfranken.de\/?p=2775\" class=\"more-link\"><span class=\"screen-reader-text\">Geldersheimer laden zur Kerwa ein vom 23.-26.11.2012<\/span> weiterlesen<\/a><\/p>\n","protected":false},"author":2,"featured_media":0,"comment_status":"closed","ping_status":"closed","sticky":false,"template":"","format":"standard","meta":{"footnotes":""},"categories":[1,9,12],"tags":[],"_links":{"self":[{"href":"https:\/\/www.trachtenverband-unterfranken.de\/index.php?rest_route=\/wp\/v2\/posts\/2775"}],"collection":[{"href":"https:\/\/www.trachtenverband-unterfranken.de\/index.php?rest_route=\/wp\/v2\/posts"}],"about":[{"href":"https:\/\/www.trachtenverband-unterfranken.de\/index.php?rest_route=\/wp\/v2\/types\/post"}],"author":[{"embeddable":true,"href":"https:\/\/www.trachtenverband-unterfranken.de\/index.php?rest_route=\/wp\/v2\/users\/2"}],"replies":[{"embeddable":true,"href":"https:\/\/www.trachtenverband-unterfranken.de\/index.php?rest_route=%2Fwp%2Fv2%2Fcomments&post=2775"}],"version-history":[{"count":4,"href":"https:\/\/www.trachtenverband-unterfranken.de\/index.php?rest_route=\/wp\/v2\/posts\/2775\/revisions"}],"predecessor-version":[{"id":2779,"href":"https:\/\/www.trachtenverband-unterfranken.de\/index.php?rest_route=\/wp\/v2\/posts\/2775\/revisions\/2779"}],"wp:attachment":[{"href":"https:\/\/www.trachtenverband-unterfranken.de\/index.php?rest_route=%2Fwp%2Fv2%2Fmedia&parent=2775"}],"wp:term":[{"taxonomy":"category","embeddable":true,"href":"https:\/\/www.trachtenverband-unterfranken.de\/index.php?rest_route=%2Fwp%2Fv2%2Fcategories&post=2775"},{"taxonomy":"post_tag","embeddable":true,"href":"https:\/\/www.trachtenverband-unterfranken.de\/index.php?rest_route=%2Fwp%2Fv2%2Ftags&post=2775"}],"curies":[{"name":"wp","href":"https:\/\/api.w.org\/{rel}","templated":true}]}}