{"id":2780,"date":"2012-11-06T11:50:35","date_gmt":"2012-11-06T10:50:35","guid":{"rendered":"http:\/\/www.trachtenverband-unterfranken.de\/?p=2780"},"modified":"2012-11-06T11:50:35","modified_gmt":"2012-11-06T10:50:35","slug":"frankischer-heimatabend-in-bad-kissingen-am-12-11-2012","status":"publish","type":"post","link":"https:\/\/www.trachtenverband-unterfranken.de\/?p=2780","title":{"rendered":"Fr\u00e4nkischer Heimatabend in Bad Kissingen am 12.11.2012"},"content":{"rendered":"<p>Am Montagabend, 12.11.2012, findet um 19.30 Uhr im Rossini-Saal (im Kurzentrum) ein fr\u00e4nkischer Heimatabend statt. Mit dabei sind neben der Geldersheimer Volkstanzgruppe die Galderschummer Schlapperflicker, die Ma\u00dfbacher Singphoniker und die Jugendblaskapelle Gef\u00e4ll. Es erwartet Sie eine bunte Mischung aus Volkstanz, Volksmusik und Gesang sowie fr\u00e4nkischer Mundart. Wir laden herzlich ein.<\/p>\n","protected":false},"excerpt":{"rendered":"<p>Am Montagabend, 12.11.2012, findet um 19.30 Uhr im Rossini-Saal (im Kurzentrum) ein fr\u00e4nkischer Heimatabend statt. Mit dabei sind neben der Geldersheimer Volkstanzgruppe die Galderschummer Schlapperflicker, die Ma\u00dfbacher Singphoniker und die Jugendblaskapelle Gef\u00e4ll. Es erwartet Sie eine bunte Mischung aus Volkstanz, Volksmusik und Gesang sowie fr\u00e4nkischer Mundart. Wir laden herzlich ein.<\/p>\n","protected":false},"author":3,"featured_media":0,"comment_status":"closed","ping_status":"closed","sticky":false,"template":"","format":"standard","meta":{"footnotes":""},"categories":[1],"tags":[],"_links":{"self":[{"href":"https:\/\/www.trachtenverband-unterfranken.de\/index.php?rest_route=\/wp\/v2\/posts\/2780"}],"collection":[{"href":"https:\/\/www.trachtenverband-unterfranken.de\/index.php?rest_route=\/wp\/v2\/posts"}],"about":[{"href":"https:\/\/www.trachtenverband-unterfranken.de\/index.php?rest_route=\/wp\/v2\/types\/post"}],"author":[{"embeddable":true,"href":"https:\/\/www.trachtenverband-unterfranken.de\/index.php?rest_route=\/wp\/v2\/users\/3"}],"replies":[{"embeddable":true,"href":"https:\/\/www.trachtenverband-unterfranken.de\/index.php?rest_route=%2Fwp%2Fv2%2Fcomments&post=2780"}],"version-history":[{"count":1,"href":"https:\/\/www.trachtenverband-unterfranken.de\/index.php?rest_route=\/wp\/v2\/posts\/2780\/revisions"}],"predecessor-version":[{"id":2781,"href":"https:\/\/www.trachtenverband-unterfranken.de\/index.php?rest_route=\/wp\/v2\/posts\/2780\/revisions\/2781"}],"wp:attachment":[{"href":"https:\/\/www.trachtenverband-unterfranken.de\/index.php?rest_route=%2Fwp%2Fv2%2Fmedia&parent=2780"}],"wp:term":[{"taxonomy":"category","embeddable":true,"href":"https:\/\/www.trachtenverband-unterfranken.de\/index.php?rest_route=%2Fwp%2Fv2%2Fcategories&post=2780"},{"taxonomy":"post_tag","embeddable":true,"href":"https:\/\/www.trachtenverband-unterfranken.de\/index.php?rest_route=%2Fwp%2Fv2%2Ftags&post=2780"}],"curies":[{"name":"wp","href":"https:\/\/api.w.org\/{rel}","templated":true}]}}