{"id":2784,"date":"2012-11-18T18:57:43","date_gmt":"2012-11-18T17:57:43","guid":{"rendered":"http:\/\/www.trachtenverband-unterfranken.de\/?p=2784"},"modified":"2012-12-04T12:01:08","modified_gmt":"2012-12-04T11:01:08","slug":"galderschummer-kerwa-vom-23-26-11-2012","status":"publish","type":"post","link":"https:\/\/www.trachtenverband-unterfranken.de\/?p=2784","title":{"rendered":"Galderschummer Kerwa vom 23.-26.11.2012"},"content":{"rendered":"<p style=\"text-align: center;\"><a href=\"https:\/\/www.trachtenverband-unterfranken.de\/wp-content\/uploads\/2012\/11\/DSC_2750-kleiner.jpg\"><img loading=\"lazy\" decoding=\"async\" class=\"wp-image-2785 aligncenter\" title=\"DSC_2750 kleiner\" src=\"https:\/\/www.trachtenverband-unterfranken.de\/wp-content\/uploads\/2012\/11\/DSC_2750-kleiner.jpg\" alt=\"Galderschummer Fichtenpaare 2012\" width=\"420\" height=\"280\" srcset=\"https:\/\/www.trachtenverband-unterfranken.de\/wp-content\/uploads\/2012\/11\/DSC_2750-kleiner.jpg 750w, https:\/\/www.trachtenverband-unterfranken.de\/wp-content\/uploads\/2012\/11\/DSC_2750-kleiner-300x200.jpg 300w\" sizes=\"(max-width: 420px) 100vw, 420px\" \/><\/a><\/p>\n<p>\u00a0Die Fichtenpaare 2012 und der Verein f. Heimat- u. Brauchtumspflege Geldersheim e.V. laden Sie herzlich zur traditionellen Kerwa nach Geldersheim ein. Seit 1764 wird in Geldersheim die Kirchweih am Sonntag vor dem ersten Advent gefeiert. Eine traditionelle Kirchweih im Winter, auf die die Geldersheimer besonders stolz sind. Stolz sind wir vom Verein f. Heimat- u. Brauchtumspflege Geldersheim e.V. in diesem Jahr besonders auf unsere 15 Fichtenpaare, die wir Ihnen heute vorstellen m\u00f6chten:<\/p>\n<p><!--more--><\/p>\n<p>Full David und H\u00fcbner Nadine<\/p>\n<p>Treutlein Daniel und Schmittfull Kristina<\/p>\n<p>Hammer Marius und Bohrer Claudia<\/p>\n<p>Geb Johannes und Kundm\u00fcller Lena<\/p>\n<p>Lauerbach Jonas und Koch Leonie (Ma\u00dfbach)<\/p>\n<p>Schimmel Fabian und Fu\u00df Lisa<\/p>\n<p>Schulz Fabian und Lauerbach Anna<\/p>\n<p>Seifert Simon und H\u00fcmmer Hanna<\/p>\n<p>Hammer Christoph und Lutz Sina<\/p>\n<p>M\u00fcller Sebastian und Bohrer Nadine<\/p>\n<p>Hartmann Steffen und Neeb Alisa<\/p>\n<p>Volk Kai und Hammer Julia<\/p>\n<p>Joachim Linus und Treutlein Mona<\/p>\n<p>Fenn Matthias und V\u00f6lkl Meike (Schwebheim)<\/p>\n<p>Riegler Stefan und Geb Sabrina<\/p>\n<p>Die Fichtenpaare stellen sich am Kirchweihdonnerstag dem Gemeinderat vor und er\u00f6ffnen am Kirchweihfreitag die Kirchweih im Tanzsaal. Zuvor stimmen sich die G\u00e4ste im Saal mit dem Lied \u201eMir sin sou garn in Galderschum und fr\u00e4\u00e4n uns, dass der alle kummt\u201c auf die Kerwa 2012 ein, bis es hei\u00dft: \u201eAuf geht\u2019s zur Kerwa 2012! Begr\u00fc\u00dft die Fichtenpaare!\u201c Alle G\u00e4ste im Saal stehen auf und die Fichtenpaare ziehen ein. Die M\u00e4dchen tragen die Tanztracht und die Burschen Frack und Zylinder. Nach einer Ehrentour (Walzer, Bauramadla, Schottisch und Dreher) folgt die Kirchweihrede von Steffen Hartmann, anschlie\u00dfend ist der Tanz frei f\u00fcr alle Kirchweihbesucher aus nah und fern. Zum Tanz spielen heuer \u201eK\u00f6rnier Ruckser\u201c aus K\u00fcrnach. Die Bewirtung \u00fcbernimmt der Wirt Oliver Friedrich vom Fr\u00e4nkischen Hof. Gute\u00a0 Weine oder fr\u00e4nkisches Bier und leckeres Kirchweihessen gepaart mit flotter Musik und \u201esuper\u201c\u00a0 Fichtenpaaren versprechen einen spritzigen Kirchweihabend. Um Kartenreservierung f\u00fcr den Freitag wird gebeten.<\/p>\n<p>Am Kirchweihsamstagvormittag holen die Burschen, gekleidet in der Arbeitstracht, zusammen mit dem Musikverein Geldersheim die Fichtenm\u00e4dchen ab und stellen am Nachmittag die Fichten an den Wirtschaften auf. Unterst\u00fctzt werden wir dabei wieder von unseren Freunden vom Reiterverein Geldersheim. Wir laden alle Freunde der Kirchweih herzlich zum Hauruck-Schreien und auch zum Mittanzen an den Wirtschaften ein. Es ist folgende Route geplant: 10.45 Uhr Kegelcenter, 13.10 Uhr Sportheim, ab 14.30 Uhr Sch\u00fctzenklause, 15.00 Uhr Fr\u00e4nkischer Hof, 15.35 Uhr Altenheim, 15.55 Uhr Zehnthof\/Pfarrheim und 16.30 Uhr Reiterm\u00fchle.\u00a0 Nat\u00fcrlich gibt es auch heuer wieder die bekannten Kirchweih-Herzen und Sch\u00e4fchen. Am Abend besuchen die Fichtenpaare den Tanz des FC im Sportheim (siehe zu dieser Veranstaltung die separate Ank\u00fcndigung des Sportvereins).<\/p>\n<p>Den Kirchweihsonntag, an dem die Fichtenm\u00e4dchen mit K\u00f6rres und Kr\u00e4nzle und die Burschen mit Frack und Zylinder zu sehen sind, beginnen die Fichtenpaare mit einem Festgottesdienst um 10.30 Uhr in der Sankt Nikolaus Pfarrkirche. Der Festgottesdienst wird in diesem Jahr von den Galderschummer Schlapperflickern gestaltet. Am Nachmittag um 14.00 Uhr findet der traditionelle Hammeltanz mit dem Musikverein Geldersheim neben dem Marktplatz (Oberdorf) statt. Hier wird um unseren Kirchweihschaffer Winfried Huppmann mit seinem Kirchweih-Hammel \u201eLissy\u201c herum getanzt und ein Blumenstrau\u00df dabei weitergereicht. Dasjenige Paar, das beim Klingeln des Weckers, der zuvor in der Mitte des Kreises abgestellt wurde, den Buschen in der Hand h\u00e4lt, ist Gewinner des Hammeltanzes und wird gro\u00df gefeiert. Im Anschluss wartet auf die G\u00e4ste eine gro\u00dfe Kaffeebar im Fr\u00e4nkischen Hof mit einer reichhaltigen Auswahl an leckeren Torten und Kuchen. Die Bewirtung am Sonntag macht der Verein f\u00fcr Heimat- u. Brauchtumspflege Geldersheim e.V. am Abend werden vom Wirt des Fr\u00e4nkischen Hofs Kirchweihspezialit\u00e4ten auch im Saal angeboten. Zum Tanz am Nachmittag im Saal spielen die Galderschummer Schlapperflicker auf und um 19.30 Uhr findet der Fackelumzug zum neuen Hammelk\u00f6nigspaar statt. Fackeln k\u00f6nnen beim Hammeltanz oder am Nachmittag im Saal erworben werden. Nach der Aufwartung beim Hammelk\u00f6nig ziehen wir zur\u00fcck zum Saal, wo der Kirchweihbetrieb fortgesetzt wird.<\/p>\n<p>Am Montagnachmittag besuchen die Fichtenpaare die Seniorenkirchweih im Pfarrheim und zeigen so, dass an der Kerwa alle miteinander \u2013 ob jung und ob alt \u2013 feiern k\u00f6nnen! Am Abend um 19.30 Uhr laden die Trachtler dann wieder in den Saal des fr\u00e4nkischen Hofs zum fr\u00e4nkischen Kirchweihtanz bei Kerzenschein ein. Es gibt wieder die bekannten Kirchweihspezialit\u00e4ten von unserem Gastwirt des Fr\u00e4nkischen Hofs. Zum Tanz spielen wieder die Galderschummer Schlapperflicker. Gerade der Montagabend ist ein idealer Abend zum Tanzen. Es geht nicht mehr ganz so st\u00fcrmisch zu wie am Kirchweihfreitag und wir lassen dann um 23.30 Uhr die Kirchweih mit dem traditionellen Kehraus ausklingen. Dann werden vier anstrengende, aber sehr fr\u00f6hliche Tage hinter den Fichtenpaaren und allen Kirchweihfreunden liegen und alle werden sich nach ein paar Tagen Pause auf das abschlie\u00dfende Hammelessen am Freitag 30.112012 um 20.00 Uhr im Sportheim freuen. Es gibt folgende Gerichte zur Auswahl: Lammkeulen, Gyros, Souvlaki, Kalamari oder Wiener Schnitzel mit Beilagen. Es wird um Vorbestellung bei Wilfried Brust, Tel. 85970 oder Email: <a href=\"mailto:wilfried.brust@t-online.de\">wilfried.brust@t-online.de<\/a> bis sp\u00e4testens Kirchweihmontag gebeten. Beim Hammelessen wird noch einmal getanzt, gesungen und viel gelacht, bis es dann hei\u00dft, die Kirchweih 2012 zu begraben.<\/p>\n<p>&nbsp;<\/p>\n<p>Und hier noch einmal das Programm in der \u00dcbersicht:<\/p>\n<p>&nbsp;<\/p>\n<p>Freitag, 23.11.2012, 20.00 Uhr<\/p>\n<p>Fr\u00e4nkischer Kirchweihtanz im Fr\u00e4nk. Hof mit den \u201eK\u00f6rnier Rucksern\u201c<\/p>\n<p>Kartenreservierung bei Oliver Brust, Tel. 09721 \/ 85970 oder <a href=\"mailto:olliebrust@t-online.de\">olliebrust@t-online.de<\/a><\/p>\n<p>&nbsp;<\/p>\n<p>Samstag, 24.11.2012, ab 09.00 Uhr Kirchweihst\u00e4nderli und ab 14.00 Uhr<\/p>\n<p>Umzug der Fichtenpaare mit Fichtenaufstellen<\/p>\n<p>&nbsp;<\/p>\n<p>Sonntag, 25.11.2012<\/p>\n<p>14.00 Hammeltanz am Plua<\/p>\n<p>anschl. Fr\u00e4nk. Tanz und Kaffeebar im Fr\u00e4nkischen Hof mit den Galderschummer Schlapperflickern<\/p>\n<p>19.30 Uhr Fackelumzug vom Fr\u00e4nkischen Hof zum Hammelk\u00f6nig und zur\u00fcck, anschl. Kirchweihbetrieb im Fr\u00e4nk. Hof<\/p>\n<p>&nbsp;<\/p>\n<p>Montag, 26.11.2012<\/p>\n<p>19.30 Uhr Romantischer Kirchweihtanz bei Kerzenschein mit den Galderschummer Schlapperflickern im Fr\u00e4nkischen Hof<\/p>\n<p>&nbsp;<\/p>\n<p>Freitag, 30.11.2012, 20.00 Uhr<\/p>\n<p>Hammelessen zum Kirchweihabschluss im Sportheim<\/p>\n","protected":false},"excerpt":{"rendered":"<p>\u00a0Die Fichtenpaare 2012 und der Verein f. Heimat- u. Brauchtumspflege Geldersheim e.V. laden Sie herzlich zur traditionellen Kerwa nach Geldersheim ein. Seit 1764 wird in Geldersheim die Kirchweih am Sonntag vor dem ersten Advent gefeiert. Eine traditionelle Kirchweih im Winter, auf die die Geldersheimer besonders stolz sind. Stolz sind wir vom Verein f. Heimat- u. &hellip; <a href=\"https:\/\/www.trachtenverband-unterfranken.de\/?p=2784\" class=\"more-link\"><span class=\"screen-reader-text\">Galderschummer Kerwa vom 23.-26.11.2012<\/span> weiterlesen<\/a><\/p>\n","protected":false},"author":2,"featured_media":0,"comment_status":"closed","ping_status":"closed","sticky":false,"template":"","format":"standard","meta":{"footnotes":""},"categories":[1,9,12],"tags":[],"_links":{"self":[{"href":"https:\/\/www.trachtenverband-unterfranken.de\/index.php?rest_route=\/wp\/v2\/posts\/2784"}],"collection":[{"href":"https:\/\/www.trachtenverband-unterfranken.de\/index.php?rest_route=\/wp\/v2\/posts"}],"about":[{"href":"https:\/\/www.trachtenverband-unterfranken.de\/index.php?rest_route=\/wp\/v2\/types\/post"}],"author":[{"embeddable":true,"href":"https:\/\/www.trachtenverband-unterfranken.de\/index.php?rest_route=\/wp\/v2\/users\/2"}],"replies":[{"embeddable":true,"href":"https:\/\/www.trachtenverband-unterfranken.de\/index.php?rest_route=%2Fwp%2Fv2%2Fcomments&post=2784"}],"version-history":[{"count":9,"href":"https:\/\/www.trachtenverband-unterfranken.de\/index.php?rest_route=\/wp\/v2\/posts\/2784\/revisions"}],"predecessor-version":[{"id":2791,"href":"https:\/\/www.trachtenverband-unterfranken.de\/index.php?rest_route=\/wp\/v2\/posts\/2784\/revisions\/2791"}],"wp:attachment":[{"href":"https:\/\/www.trachtenverband-unterfranken.de\/index.php?rest_route=%2Fwp%2Fv2%2Fmedia&parent=2784"}],"wp:term":[{"taxonomy":"category","embeddable":true,"href":"https:\/\/www.trachtenverband-unterfranken.de\/index.php?rest_route=%2Fwp%2Fv2%2Fcategories&post=2784"},{"taxonomy":"post_tag","embeddable":true,"href":"https:\/\/www.trachtenverband-unterfranken.de\/index.php?rest_route=%2Fwp%2Fv2%2Ftags&post=2784"}],"curies":[{"name":"wp","href":"https:\/\/api.w.org\/{rel}","templated":true}]}}