{"id":2813,"date":"2012-12-10T22:02:58","date_gmt":"2012-12-10T21:02:58","guid":{"rendered":"http:\/\/www.trachtenverband-unterfranken.de\/?p=2813"},"modified":"2012-12-22T13:21:23","modified_gmt":"2012-12-22T12:21:23","slug":"einladung-zum-gau-schulungswochende-in-kloster-banz-vom-19-20-01-2013","status":"publish","type":"post","link":"https:\/\/www.trachtenverband-unterfranken.de\/?p=2813","title":{"rendered":"Einladung zum Gau-Schulungswochende in Kloster Banz vom 19.-20.01.2013"},"content":{"rendered":"<p>Liebe Trachtenfreunde,<\/p>\n<p>auch in diesem Jahr bieten wir wieder in Kooperation mit der Hanns-Seidel-Stiftung ein Vorst\u00e4ndeseminar in Kloster Banz an. In diesem Jahr geht es am Samstag haupts\u00e4chlich ums Vereins- und Versammlungsrecht. Am Sonntag informiert unsere Brauchtumswartin \u00fcber Christliches Brauchtum in der Adventszeit. Und ich m\u00f6chte mit Euch eine Zukunftsstrategie entwickeln, wie wir als Verband und als Trachtenvereine in die Zukunft starten k\u00f6nnen.\u00a0Eingeladen sind in erster Linie die Vorsitzenden der Vereine und die Gauverwaltung, aber auch alle interessierten Mitglieder der Trachtenvereine. Bitte um zahlreiche Teilnahme.<\/p>\n<p>Mit freundlichen Trachtengr\u00fc\u00dfen<\/p>\n<p>Oliver Brust<\/p>\n<p><a href=\"https:\/\/www.trachtenverband-unterfranken.de\/wp-content\/uploads\/2012\/12\/Anmeldebogen-Kloster-Banz-19.-20.01.2013.doc\">Anmeldebogen Kloster Banz 19.-20.01.2013<\/a><\/p>\n<p><a href=\"https:\/\/www.trachtenverband-unterfranken.de\/wp-content\/uploads\/2012\/12\/2013-01-19-Einladung-Sem.-Kloster-Banz-Seite-11.jpg\"><img loading=\"lazy\" decoding=\"async\" class=\"alignleft size-full wp-image-2816\" title=\"2013-01-19 Einladung Sem. Kloster Banz Seite 1\" alt=\"\" src=\"https:\/\/www.trachtenverband-unterfranken.de\/wp-content\/uploads\/2012\/12\/2013-01-19-Einladung-Sem.-Kloster-Banz-Seite-11.jpg\" width=\"707\" height=\"500\" srcset=\"https:\/\/www.trachtenverband-unterfranken.de\/wp-content\/uploads\/2012\/12\/2013-01-19-Einladung-Sem.-Kloster-Banz-Seite-11.jpg 707w, https:\/\/www.trachtenverband-unterfranken.de\/wp-content\/uploads\/2012\/12\/2013-01-19-Einladung-Sem.-Kloster-Banz-Seite-11-300x212.jpg 300w\" sizes=\"(max-width: 707px) 100vw, 707px\" \/><\/a><br \/>\n<a href=\"https:\/\/www.trachtenverband-unterfranken.de\/wp-content\/uploads\/2012\/12\/2013-01-19-Einladung-Sem.-Kloster-Banz-Seite-2.jpg\"><img loading=\"lazy\" decoding=\"async\" class=\"alignleft size-full wp-image-2815\" title=\"2013-01-19 Einladung Sem. Kloster Banz Seite 2\" alt=\"\" src=\"https:\/\/www.trachtenverband-unterfranken.de\/wp-content\/uploads\/2012\/12\/2013-01-19-Einladung-Sem.-Kloster-Banz-Seite-2.jpg\" width=\"707\" height=\"500\" srcset=\"https:\/\/www.trachtenverband-unterfranken.de\/wp-content\/uploads\/2012\/12\/2013-01-19-Einladung-Sem.-Kloster-Banz-Seite-2.jpg 707w, https:\/\/www.trachtenverband-unterfranken.de\/wp-content\/uploads\/2012\/12\/2013-01-19-Einladung-Sem.-Kloster-Banz-Seite-2-300x212.jpg 300w\" sizes=\"(max-width: 707px) 100vw, 707px\" \/><\/a><\/p>\n","protected":false},"excerpt":{"rendered":"<p>Liebe Trachtenfreunde, auch in diesem Jahr bieten wir wieder in Kooperation mit der Hanns-Seidel-Stiftung ein Vorst\u00e4ndeseminar in Kloster Banz an. In diesem Jahr geht es am Samstag haupts\u00e4chlich ums Vereins- und Versammlungsrecht. Am Sonntag informiert unsere Brauchtumswartin \u00fcber Christliches Brauchtum in der Adventszeit. Und ich m\u00f6chte mit Euch eine Zukunftsstrategie entwickeln, wie wir als Verband &hellip; <a href=\"https:\/\/www.trachtenverband-unterfranken.de\/?p=2813\" class=\"more-link\"><span class=\"screen-reader-text\">Einladung zum Gau-Schulungswochende in Kloster Banz vom 19.-20.01.2013<\/span> weiterlesen<\/a><\/p>\n","protected":false},"author":2,"featured_media":0,"comment_status":"closed","ping_status":"closed","sticky":false,"template":"","format":"standard","meta":{"footnotes":""},"categories":[1],"tags":[],"_links":{"self":[{"href":"https:\/\/www.trachtenverband-unterfranken.de\/index.php?rest_route=\/wp\/v2\/posts\/2813"}],"collection":[{"href":"https:\/\/www.trachtenverband-unterfranken.de\/index.php?rest_route=\/wp\/v2\/posts"}],"about":[{"href":"https:\/\/www.trachtenverband-unterfranken.de\/index.php?rest_route=\/wp\/v2\/types\/post"}],"author":[{"embeddable":true,"href":"https:\/\/www.trachtenverband-unterfranken.de\/index.php?rest_route=\/wp\/v2\/users\/2"}],"replies":[{"embeddable":true,"href":"https:\/\/www.trachtenverband-unterfranken.de\/index.php?rest_route=%2Fwp%2Fv2%2Fcomments&post=2813"}],"version-history":[{"count":2,"href":"https:\/\/www.trachtenverband-unterfranken.de\/index.php?rest_route=\/wp\/v2\/posts\/2813\/revisions"}],"predecessor-version":[{"id":2835,"href":"https:\/\/www.trachtenverband-unterfranken.de\/index.php?rest_route=\/wp\/v2\/posts\/2813\/revisions\/2835"}],"wp:attachment":[{"href":"https:\/\/www.trachtenverband-unterfranken.de\/index.php?rest_route=%2Fwp%2Fv2%2Fmedia&parent=2813"}],"wp:term":[{"taxonomy":"category","embeddable":true,"href":"https:\/\/www.trachtenverband-unterfranken.de\/index.php?rest_route=%2Fwp%2Fv2%2Fcategories&post=2813"},{"taxonomy":"post_tag","embeddable":true,"href":"https:\/\/www.trachtenverband-unterfranken.de\/index.php?rest_route=%2Fwp%2Fv2%2Ftags&post=2813"}],"curies":[{"name":"wp","href":"https:\/\/api.w.org\/{rel}","templated":true}]}}