{"id":2848,"date":"2012-12-24T10:52:35","date_gmt":"2012-12-24T09:52:35","guid":{"rendered":"http:\/\/www.trachtenverband-unterfranken.de\/?p=2848"},"modified":"2012-12-24T10:57:58","modified_gmt":"2012-12-24T09:57:58","slug":"frohe-weihnachten-2","status":"publish","type":"post","link":"https:\/\/www.trachtenverband-unterfranken.de\/?p=2848","title":{"rendered":"Frohe Weihnachten"},"content":{"rendered":"<figure id=\"attachment_2846\" aria-describedby=\"caption-attachment-2846\" style=\"width: 300px\" class=\"wp-caption alignleft\"><a href=\"https:\/\/www.trachtenverband-unterfranken.de\/wp-content\/uploads\/2012\/12\/2010-Torbogen-Krippe-1.jpg\"><img loading=\"lazy\" decoding=\"async\" class=\"size-medium wp-image-2846 \" alt=\"Geldersheimer Untertor als Trachten-Krippe (erstellt von Wilfried Funke 2010) - Detail\" src=\"https:\/\/www.trachtenverband-unterfranken.de\/wp-content\/uploads\/2012\/12\/2010-Torbogen-Krippe-1-300x224.jpg\" width=\"300\" height=\"224\" srcset=\"https:\/\/www.trachtenverband-unterfranken.de\/wp-content\/uploads\/2012\/12\/2010-Torbogen-Krippe-1-300x224.jpg 300w, https:\/\/www.trachtenverband-unterfranken.de\/wp-content\/uploads\/2012\/12\/2010-Torbogen-Krippe-1.jpg 667w\" sizes=\"(max-width: 300px) 100vw, 300px\" \/><\/a><figcaption id=\"caption-attachment-2846\" class=\"wp-caption-text\">Geldersheimer Untertor als Trachten-Krippe (erstellt von Wilfried Funke 2010) &#8211; Detail<\/figcaption><\/figure>\n<p>&nbsp;<\/p>\n<p><em>Freuet Euch, ihr Christen alle!<\/em><br \/>\n<em>Dieser Retter ist im Stalle<\/em><br \/>\n<em>Bethlehems geboren schon.<\/em><br \/>\n<em>Bald wird nun der Zeitpunkt nahen,<\/em><br \/>\n<em>wo die frommen Hirten sahen<\/em><br \/>\n<em>in der Krippe Gottes Sohn.<\/em><br \/>\n(Aus dem Lied \u201e\u00d6ffnet Euch, ihr<br \/>\nHimmelspforten\u201c, W\u00fcrzburg 1828)<\/p>\n<p>&nbsp;<\/p>\n<p>&nbsp;<\/p>\n<p>&nbsp;<\/p>\n<p>&nbsp;<\/p>\n<p>Mir w\u00fcnschn allsamt sch\u00f6\u00e4nne und gsechnete Weihnachtn und a gl\u00fcckseligs neus Johr!<\/p>\n<p>&nbsp;<\/p>\n<p>Oliver Brust<\/p>\n<p>&nbsp;<\/p>\n<figure id=\"attachment_2847\" aria-describedby=\"caption-attachment-2847\" style=\"width: 300px\" class=\"wp-caption alignleft\"><a href=\"https:\/\/www.trachtenverband-unterfranken.de\/wp-content\/uploads\/2012\/12\/2010-Torbogen-Krippe-7.jpg\"><img loading=\"lazy\" decoding=\"async\" class=\"size-medium wp-image-2847 \" alt=\"Geldersheimer Untertor als Trachten-Krippe (erstellt von Wilfried Funke 2010) - Ensemble mit &quot;Fenns Haus&quot;\" src=\"https:\/\/www.trachtenverband-unterfranken.de\/wp-content\/uploads\/2012\/12\/2010-Torbogen-Krippe-7-300x185.jpg\" width=\"300\" height=\"185\" srcset=\"https:\/\/www.trachtenverband-unterfranken.de\/wp-content\/uploads\/2012\/12\/2010-Torbogen-Krippe-7-300x185.jpg 300w, https:\/\/www.trachtenverband-unterfranken.de\/wp-content\/uploads\/2012\/12\/2010-Torbogen-Krippe-7.jpg 750w\" sizes=\"(max-width: 300px) 100vw, 300px\" \/><\/a><figcaption id=\"caption-attachment-2847\" class=\"wp-caption-text\">Geldersheimer Untertor als Trachten-Krippe (erstellt von Wilfried Funke 2010) &#8211; Ensemble mit &#8222;Fenns Haus&#8220;<\/figcaption><\/figure>\n","protected":false},"excerpt":{"rendered":"<p>&nbsp; Freuet Euch, ihr Christen alle! Dieser Retter ist im Stalle Bethlehems geboren schon. Bald wird nun der Zeitpunkt nahen, wo die frommen Hirten sahen in der Krippe Gottes Sohn. (Aus dem Lied \u201e\u00d6ffnet Euch, ihr Himmelspforten\u201c, W\u00fcrzburg 1828) &nbsp; &nbsp; &nbsp; &nbsp; Mir w\u00fcnschn allsamt sch\u00f6\u00e4nne und gsechnete Weihnachtn und a gl\u00fcckseligs neus Johr! &hellip; <a href=\"https:\/\/www.trachtenverband-unterfranken.de\/?p=2848\" class=\"more-link\"><span class=\"screen-reader-text\">Frohe Weihnachten<\/span> weiterlesen<\/a><\/p>\n","protected":false},"author":2,"featured_media":0,"comment_status":"closed","ping_status":"closed","sticky":false,"template":"","format":"standard","meta":{"footnotes":""},"categories":[1],"tags":[],"_links":{"self":[{"href":"https:\/\/www.trachtenverband-unterfranken.de\/index.php?rest_route=\/wp\/v2\/posts\/2848"}],"collection":[{"href":"https:\/\/www.trachtenverband-unterfranken.de\/index.php?rest_route=\/wp\/v2\/posts"}],"about":[{"href":"https:\/\/www.trachtenverband-unterfranken.de\/index.php?rest_route=\/wp\/v2\/types\/post"}],"author":[{"embeddable":true,"href":"https:\/\/www.trachtenverband-unterfranken.de\/index.php?rest_route=\/wp\/v2\/users\/2"}],"replies":[{"embeddable":true,"href":"https:\/\/www.trachtenverband-unterfranken.de\/index.php?rest_route=%2Fwp%2Fv2%2Fcomments&post=2848"}],"version-history":[{"count":5,"href":"https:\/\/www.trachtenverband-unterfranken.de\/index.php?rest_route=\/wp\/v2\/posts\/2848\/revisions"}],"predecessor-version":[{"id":2851,"href":"https:\/\/www.trachtenverband-unterfranken.de\/index.php?rest_route=\/wp\/v2\/posts\/2848\/revisions\/2851"}],"wp:attachment":[{"href":"https:\/\/www.trachtenverband-unterfranken.de\/index.php?rest_route=%2Fwp%2Fv2%2Fmedia&parent=2848"}],"wp:term":[{"taxonomy":"category","embeddable":true,"href":"https:\/\/www.trachtenverband-unterfranken.de\/index.php?rest_route=%2Fwp%2Fv2%2Fcategories&post=2848"},{"taxonomy":"post_tag","embeddable":true,"href":"https:\/\/www.trachtenverband-unterfranken.de\/index.php?rest_route=%2Fwp%2Fv2%2Ftags&post=2848"}],"curies":[{"name":"wp","href":"https:\/\/api.w.org\/{rel}","templated":true}]}}