{"id":2854,"date":"2012-12-24T08:00:33","date_gmt":"2012-12-24T07:00:33","guid":{"rendered":"http:\/\/www.trachtenverband-unterfranken.de\/?p=2854"},"modified":"2012-12-24T12:08:58","modified_gmt":"2012-12-24T11:08:58","slug":"ausstellung-zum-jesukind","status":"publish","type":"post","link":"https:\/\/www.trachtenverband-unterfranken.de\/?p=2854","title":{"rendered":"Ausstellung zum Jesukind"},"content":{"rendered":"<p>Freising \u2013 And\u00e4chtig und w\u00fcrdevoll, mitunter auch verschwenderisch wird das Jesuskind seit jeher in den bayerischen Frauenkl\u00f6stern inszeniert. Das Di\u00f6zesanmuseum Freising zeigt in seiner Sonderausstellung \u201eSeelenkind\u201c bis 10. Februar kostbar ausgestattete Jesuskind-Figuren.<\/p>\n<p>http:\/\/www.bayernkurier.de\/zeitung\/report\/report-einzelansicht\/ansicht\/7886-verehrt_verwohnt_verklart.html<\/p>\n<p>&nbsp;<\/p>\n<p>&nbsp;<\/p>\n","protected":false},"excerpt":{"rendered":"<p>Freising \u2013 And\u00e4chtig und w\u00fcrdevoll, mitunter auch verschwenderisch wird das Jesuskind seit jeher in den bayerischen Frauenkl\u00f6stern inszeniert. Das Di\u00f6zesanmuseum Freising zeigt in seiner Sonderausstellung \u201eSeelenkind\u201c bis 10. Februar kostbar ausgestattete Jesuskind-Figuren. http:\/\/www.bayernkurier.de\/zeitung\/report\/report-einzelansicht\/ansicht\/7886-verehrt_verwohnt_verklart.html &nbsp; &nbsp;<\/p>\n","protected":false},"author":2,"featured_media":0,"comment_status":"closed","ping_status":"closed","sticky":false,"template":"","format":"standard","meta":{"footnotes":""},"categories":[1],"tags":[],"_links":{"self":[{"href":"https:\/\/www.trachtenverband-unterfranken.de\/index.php?rest_route=\/wp\/v2\/posts\/2854"}],"collection":[{"href":"https:\/\/www.trachtenverband-unterfranken.de\/index.php?rest_route=\/wp\/v2\/posts"}],"about":[{"href":"https:\/\/www.trachtenverband-unterfranken.de\/index.php?rest_route=\/wp\/v2\/types\/post"}],"author":[{"embeddable":true,"href":"https:\/\/www.trachtenverband-unterfranken.de\/index.php?rest_route=\/wp\/v2\/users\/2"}],"replies":[{"embeddable":true,"href":"https:\/\/www.trachtenverband-unterfranken.de\/index.php?rest_route=%2Fwp%2Fv2%2Fcomments&post=2854"}],"version-history":[{"count":3,"href":"https:\/\/www.trachtenverband-unterfranken.de\/index.php?rest_route=\/wp\/v2\/posts\/2854\/revisions"}],"predecessor-version":[{"id":2857,"href":"https:\/\/www.trachtenverband-unterfranken.de\/index.php?rest_route=\/wp\/v2\/posts\/2854\/revisions\/2857"}],"wp:attachment":[{"href":"https:\/\/www.trachtenverband-unterfranken.de\/index.php?rest_route=%2Fwp%2Fv2%2Fmedia&parent=2854"}],"wp:term":[{"taxonomy":"category","embeddable":true,"href":"https:\/\/www.trachtenverband-unterfranken.de\/index.php?rest_route=%2Fwp%2Fv2%2Fcategories&post=2854"},{"taxonomy":"post_tag","embeddable":true,"href":"https:\/\/www.trachtenverband-unterfranken.de\/index.php?rest_route=%2Fwp%2Fv2%2Ftags&post=2854"}],"curies":[{"name":"wp","href":"https:\/\/api.w.org\/{rel}","templated":true}]}}