{"id":2858,"date":"2012-12-29T17:32:57","date_gmt":"2012-12-29T16:32:57","guid":{"rendered":"http:\/\/www.trachtenverband-unterfranken.de\/?p=2858"},"modified":"2012-12-29T17:41:56","modified_gmt":"2012-12-29T16:41:56","slug":"volksmusik-cd-wieder-erhaltlich","status":"publish","type":"post","link":"https:\/\/www.trachtenverband-unterfranken.de\/?p=2858","title":{"rendered":"Volksmusik CD wieder erh\u00e4ltlich"},"content":{"rendered":"<div id='gallery-1' class='gallery galleryid-2858 gallery-columns-3 gallery-size-thumbnail'><figure class='gallery-item'>\n\t\t\t<div class='gallery-icon landscape'>\n\t\t\t\t<a href='https:\/\/www.trachtenverband-unterfranken.de\/wp-content\/uploads\/2012\/12\/Volksmusik-CD-Cover-1.jpg'><img loading=\"lazy\" decoding=\"async\" width=\"150\" height=\"150\" src=\"https:\/\/www.trachtenverband-unterfranken.de\/wp-content\/uploads\/2012\/12\/Volksmusik-CD-Cover-1-150x150.jpg\" class=\"attachment-thumbnail size-thumbnail\" alt=\"\" srcset=\"https:\/\/www.trachtenverband-unterfranken.de\/wp-content\/uploads\/2012\/12\/Volksmusik-CD-Cover-1-150x150.jpg 150w, https:\/\/www.trachtenverband-unterfranken.de\/wp-content\/uploads\/2012\/12\/Volksmusik-CD-Cover-1-300x300.jpg 300w, https:\/\/www.trachtenverband-unterfranken.de\/wp-content\/uploads\/2012\/12\/Volksmusik-CD-Cover-1.jpg 501w\" sizes=\"(max-width: 150px) 100vw, 150px\" \/><\/a>\n\t\t\t<\/div><\/figure><figure class='gallery-item'>\n\t\t\t<div class='gallery-icon landscape'>\n\t\t\t\t<a href='https:\/\/www.trachtenverband-unterfranken.de\/wp-content\/uploads\/2012\/12\/Volksmusik-CD-Cover-2.jpg'><img loading=\"lazy\" decoding=\"async\" width=\"150\" height=\"150\" src=\"https:\/\/www.trachtenverband-unterfranken.de\/wp-content\/uploads\/2012\/12\/Volksmusik-CD-Cover-2-150x150.jpg\" class=\"attachment-thumbnail size-thumbnail\" alt=\"\" \/><\/a>\n\t\t\t<\/div><\/figure>\n\t\t<\/div>\n\n<p>Liebe Volksmusikfreunde,<\/p>\n<p>die Benefiz-Doppel-CD des Bay. Rundfunks und des Bay. Trachtenverbandes mit Volksmusik aus ganz Bayern ist nun wieder beim Trachtenverband Unterfranken e.V. erh\u00e4ltlich.<br \/>\nMit der Doppel-CD wird das Trachtenkulturzentrum des Trachtenverbandes unterst\u00fctzt.<\/p>\n<p>Die CD enth\u00e4lt bodenst\u00e4ndige Volksmusik von Musikgruppen aus ganz Bayern. Aus Unterfranken sind die Galderschummer Schlapperflicker mit den St\u00fccken &#8222;Weidenberger Schlo\u00dfwalzer&#8220; und dem &#8222;Aprilscherz-Schottisch&#8220; mit dabei.<\/p>\n<p>Zu bestellen sind die CDs f\u00fcr 20,00 EUR + Porto beim 1. Gauvorstand Oliver Brust<\/p>\n<p>Anh\u00f6ren:<\/p>\n<p><a href=\"https:\/\/www.trachtenverband-unterfranken.de\/wp-content\/uploads\/2012\/12\/11-Spur-11-Weidenberger-Schlo\u00dfwalzer.mp3\">11 Spur 11 Weidenberger Schlo\u00dfwalzer<\/a><br \/>\n<a href=\"https:\/\/www.trachtenverband-unterfranken.de\/wp-content\/uploads\/2012\/12\/13-Spur-13-Aprilscherz-Schottisch.mp3\">13 Spur 13 Aprilscherz Schottisch<\/a><\/p>\n<p>&nbsp;<\/p>\n<p>&nbsp;<\/p>\n","protected":false},"excerpt":{"rendered":"<p>Liebe Volksmusikfreunde, die Benefiz-Doppel-CD des Bay. Rundfunks und des Bay. Trachtenverbandes mit Volksmusik aus ganz Bayern ist nun wieder beim Trachtenverband Unterfranken e.V. erh\u00e4ltlich. Mit der Doppel-CD wird das Trachtenkulturzentrum des Trachtenverbandes unterst\u00fctzt. Die CD enth\u00e4lt bodenst\u00e4ndige Volksmusik von Musikgruppen aus ganz Bayern. Aus Unterfranken sind die Galderschummer Schlapperflicker mit den St\u00fccken &#8222;Weidenberger Schlo\u00dfwalzer&#8220; und &hellip; <a href=\"https:\/\/www.trachtenverband-unterfranken.de\/?p=2858\" class=\"more-link\"><span class=\"screen-reader-text\">Volksmusik CD wieder erh\u00e4ltlich<\/span> weiterlesen<\/a><\/p>\n","protected":false},"author":3,"featured_media":0,"comment_status":"closed","ping_status":"closed","sticky":false,"template":"","format":"standard","meta":{"footnotes":""},"categories":[1,11],"tags":[],"_links":{"self":[{"href":"https:\/\/www.trachtenverband-unterfranken.de\/index.php?rest_route=\/wp\/v2\/posts\/2858"}],"collection":[{"href":"https:\/\/www.trachtenverband-unterfranken.de\/index.php?rest_route=\/wp\/v2\/posts"}],"about":[{"href":"https:\/\/www.trachtenverband-unterfranken.de\/index.php?rest_route=\/wp\/v2\/types\/post"}],"author":[{"embeddable":true,"href":"https:\/\/www.trachtenverband-unterfranken.de\/index.php?rest_route=\/wp\/v2\/users\/3"}],"replies":[{"embeddable":true,"href":"https:\/\/www.trachtenverband-unterfranken.de\/index.php?rest_route=%2Fwp%2Fv2%2Fcomments&post=2858"}],"version-history":[{"count":3,"href":"https:\/\/www.trachtenverband-unterfranken.de\/index.php?rest_route=\/wp\/v2\/posts\/2858\/revisions"}],"predecessor-version":[{"id":2862,"href":"https:\/\/www.trachtenverband-unterfranken.de\/index.php?rest_route=\/wp\/v2\/posts\/2858\/revisions\/2862"}],"wp:attachment":[{"href":"https:\/\/www.trachtenverband-unterfranken.de\/index.php?rest_route=%2Fwp%2Fv2%2Fmedia&parent=2858"}],"wp:term":[{"taxonomy":"category","embeddable":true,"href":"https:\/\/www.trachtenverband-unterfranken.de\/index.php?rest_route=%2Fwp%2Fv2%2Fcategories&post=2858"},{"taxonomy":"post_tag","embeddable":true,"href":"https:\/\/www.trachtenverband-unterfranken.de\/index.php?rest_route=%2Fwp%2Fv2%2Ftags&post=2858"}],"curies":[{"name":"wp","href":"https:\/\/api.w.org\/{rel}","templated":true}]}}