{"id":2868,"date":"2013-01-05T14:50:07","date_gmt":"2013-01-05T13:50:07","guid":{"rendered":"http:\/\/www.trachtenverband-unterfranken.de\/?p=2868"},"modified":"2013-01-05T14:50:07","modified_gmt":"2013-01-05T13:50:07","slug":"weihnachtsfeier-des-historischen-burschenverein-sommerhausen-2","status":"publish","type":"post","link":"https:\/\/www.trachtenverband-unterfranken.de\/?p=2868","title":{"rendered":"Weihnachtsfeier des Historischen Burschenverein Sommerhausen"},"content":{"rendered":"<div id='gallery-1' class='gallery galleryid-2868 gallery-columns-3 gallery-size-thumbnail'><figure class='gallery-item'>\n\t\t\t<div class='gallery-icon landscape'>\n\t\t\t\t<a href='https:\/\/www.trachtenverband-unterfranken.de\/wp-content\/uploads\/2013\/01\/DSCN5231.jpg'><img loading=\"lazy\" decoding=\"async\" width=\"150\" height=\"150\" src=\"https:\/\/www.trachtenverband-unterfranken.de\/wp-content\/uploads\/2013\/01\/DSCN5231-150x150.jpg\" class=\"attachment-thumbnail size-thumbnail\" alt=\"\" \/><\/a>\n\t\t\t<\/div><\/figure><figure class='gallery-item'>\n\t\t\t<div class='gallery-icon landscape'>\n\t\t\t\t<a href='https:\/\/www.trachtenverband-unterfranken.de\/wp-content\/uploads\/2013\/01\/DSCN5221.jpg'><img loading=\"lazy\" decoding=\"async\" width=\"150\" height=\"150\" src=\"https:\/\/www.trachtenverband-unterfranken.de\/wp-content\/uploads\/2013\/01\/DSCN5221-150x150.jpg\" class=\"attachment-thumbnail size-thumbnail\" alt=\"\" \/><\/a>\n\t\t\t<\/div><\/figure><figure class='gallery-item'>\n\t\t\t<div class='gallery-icon landscape'>\n\t\t\t\t<a href='https:\/\/www.trachtenverband-unterfranken.de\/wp-content\/uploads\/2013\/01\/DSCN5211.jpg'><img loading=\"lazy\" decoding=\"async\" width=\"150\" height=\"150\" src=\"https:\/\/www.trachtenverband-unterfranken.de\/wp-content\/uploads\/2013\/01\/DSCN5211-150x150.jpg\" class=\"attachment-thumbnail size-thumbnail\" alt=\"\" \/><\/a>\n\t\t\t<\/div><\/figure><figure class='gallery-item'>\n\t\t\t<div class='gallery-icon landscape'>\n\t\t\t\t<a href='https:\/\/www.trachtenverband-unterfranken.de\/wp-content\/uploads\/2013\/01\/DSCN5209.jpg'><img loading=\"lazy\" decoding=\"async\" width=\"150\" height=\"150\" src=\"https:\/\/www.trachtenverband-unterfranken.de\/wp-content\/uploads\/2013\/01\/DSCN5209-150x150.jpg\" class=\"attachment-thumbnail size-thumbnail\" alt=\"\" \/><\/a>\n\t\t\t<\/div><\/figure><figure class='gallery-item'>\n\t\t\t<div class='gallery-icon landscape'>\n\t\t\t\t<a href='https:\/\/www.trachtenverband-unterfranken.de\/wp-content\/uploads\/2013\/01\/DSCN5201.jpg'><img loading=\"lazy\" decoding=\"async\" width=\"150\" height=\"150\" src=\"https:\/\/www.trachtenverband-unterfranken.de\/wp-content\/uploads\/2013\/01\/DSCN5201-150x150.jpg\" class=\"attachment-thumbnail size-thumbnail\" alt=\"\" \/><\/a>\n\t\t\t<\/div><\/figure>\n\t\t<\/div>\n\n<p>Der Historische Burschenverein feierte am 21. Dezember seine Weihnachtsfeier in der Turnhalle in Sommerhausen.<\/p>\n<p>Viele Mitglieder, Freunde und G\u00f6nner kamen und so konnte in der vollbesetzten Halle, 1.Vorsitzender Werner Sch\u00f6nig die vielen G\u00e4ste begr\u00fc\u00dfen. Er dankte allen die den Verein im vergangenen Jahr unterst\u00fctzt haben sowie allen Spender f\u00fcr die allj\u00e4hrliche Tombola und er\u00f6ffnete die Feier.<\/p>\n<p>Weihnachtliche Lieder der Sommerh\u00e4user Musikanten, je ein Theaterst\u00fcck der Jugend- und der Erwachsen-Theatergruppe, sowie der Schutzengel des Vereins der mit lustigen Beitr\u00e4gen \u00fcber die Geschehnisse des Vereinsjahres berichtete, lie\u00dfen die Veranstaltung zu einem einzigartigen und kurzweiligen Abend werden, was die Zuschauer mit viel Applaus honorierten.<\/p>\n<p>Auch Ehrungen wurde wieder durchgef\u00fchrt. Geehrt wurden f\u00fcr<\/p>\n<p>25 Jahre Tina Amend, Helga Wagner, Elke Drescher, Sabine Schuck,Tanja M\u00fcller, Ulrike Schmuck, Kerstin Schwarz, Bernd Diroll, Josef Lauber , Wolfgang Wolz, Friedrich Staib, Thilo Liebler.<\/p>\n<p>F\u00fcr 40 Jahre Karin Amend, Doris Lauber, Barbara Senft, Gabi Ludwig, Christa Sch\u00e4fer, Helmut Schwarz, Eric Baum, Bernd Seubert, Walter Brand, Rainer Hamann, Manfred Baumann.<\/p>\n<p>F\u00fcr 50 Jahre Mitgliedschaft wurde Ruth Oehler geehrt. Zum Ehrenmitglied ernannt wurden Hermann Baumann, Otto Brand und G\u00fcnter Speiser.<\/p>\n<p>F\u00fcr 60 Jahre wurden Walter Seubert, Ludwig Steinmann, Wolfgang Baum Wo und Richard Schlo\u00dfnagel geehrt.<\/p>\n<p>1.Vorsitzender danke allen und \u00fcberreichte ihnen eine Urkunde.<\/p>\n<p>Die Verbandsehrungen \u00fcbernahmen, Oliver Brust Gauvorstand Unterfranken und Karl-Heinz Hertle Gauvorstand der Vereinigung links der Donau. Des weiteren \u00fcberreicht 1. Vorsitzender das neue Trachtenbuch des Bayerischen Trachtenverbandes an den 1. B\u00fcrgermeister von Sommerhausen Fritz Steinmann f\u00fcr die Gemeindeb\u00fccherei.<\/p>\n<p>Mit dem Singen des Vereinsliedes endete die Feier, 1.Vorsitzende Werner<\/p>\n<p>Sch\u00f6nig w\u00fcnschte allen noch sch\u00f6ne Feiertage und ein gesundes neues Jahr.<\/p>\n","protected":false},"excerpt":{"rendered":"<p>Der Historische Burschenverein feierte am 21. Dezember seine Weihnachtsfeier in der Turnhalle in Sommerhausen. Viele Mitglieder, Freunde und G\u00f6nner kamen und so konnte in der vollbesetzten Halle, 1.Vorsitzender Werner Sch\u00f6nig die vielen G\u00e4ste begr\u00fc\u00dfen. Er dankte allen die den Verein im vergangenen Jahr unterst\u00fctzt haben sowie allen Spender f\u00fcr die allj\u00e4hrliche Tombola und er\u00f6ffnete die &hellip; <a href=\"https:\/\/www.trachtenverband-unterfranken.de\/?p=2868\" class=\"more-link\"><span class=\"screen-reader-text\">Weihnachtsfeier des Historischen Burschenverein Sommerhausen<\/span> weiterlesen<\/a><\/p>\n","protected":false},"author":3,"featured_media":0,"comment_status":"closed","ping_status":"closed","sticky":false,"template":"","format":"standard","meta":{"footnotes":""},"categories":[1,4,9],"tags":[],"_links":{"self":[{"href":"https:\/\/www.trachtenverband-unterfranken.de\/index.php?rest_route=\/wp\/v2\/posts\/2868"}],"collection":[{"href":"https:\/\/www.trachtenverband-unterfranken.de\/index.php?rest_route=\/wp\/v2\/posts"}],"about":[{"href":"https:\/\/www.trachtenverband-unterfranken.de\/index.php?rest_route=\/wp\/v2\/types\/post"}],"author":[{"embeddable":true,"href":"https:\/\/www.trachtenverband-unterfranken.de\/index.php?rest_route=\/wp\/v2\/users\/3"}],"replies":[{"embeddable":true,"href":"https:\/\/www.trachtenverband-unterfranken.de\/index.php?rest_route=%2Fwp%2Fv2%2Fcomments&post=2868"}],"version-history":[{"count":1,"href":"https:\/\/www.trachtenverband-unterfranken.de\/index.php?rest_route=\/wp\/v2\/posts\/2868\/revisions"}],"predecessor-version":[{"id":2874,"href":"https:\/\/www.trachtenverband-unterfranken.de\/index.php?rest_route=\/wp\/v2\/posts\/2868\/revisions\/2874"}],"wp:attachment":[{"href":"https:\/\/www.trachtenverband-unterfranken.de\/index.php?rest_route=%2Fwp%2Fv2%2Fmedia&parent=2868"}],"wp:term":[{"taxonomy":"category","embeddable":true,"href":"https:\/\/www.trachtenverband-unterfranken.de\/index.php?rest_route=%2Fwp%2Fv2%2Fcategories&post=2868"},{"taxonomy":"post_tag","embeddable":true,"href":"https:\/\/www.trachtenverband-unterfranken.de\/index.php?rest_route=%2Fwp%2Fv2%2Ftags&post=2868"}],"curies":[{"name":"wp","href":"https:\/\/api.w.org\/{rel}","templated":true}]}}