{"id":2884,"date":"2013-01-07T15:58:34","date_gmt":"2013-01-07T14:58:34","guid":{"rendered":"http:\/\/www.trachtenverband-unterfranken.de\/?p=2884"},"modified":"2013-01-07T15:58:34","modified_gmt":"2013-01-07T14:58:34","slug":"einladung-zum-zweiten-gesamtbairischen-tanzfest-mit-gaugruppentreffen-nach-hinterskirchen","status":"publish","type":"post","link":"https:\/\/www.trachtenverband-unterfranken.de\/?p=2884","title":{"rendered":"Einladung zum zweiten Gesamtbairischen Tanzfest mit Gaugruppentreffen nach Hinterskirchen"},"content":{"rendered":"<p>An alle Vort\u00e4nzer, Vort\u00e4nzerinnen<\/p>\n<p>und Vereinsmitglieder der Trachtenvereine<\/p>\n<p>&nbsp;<\/p>\n<p>Liebe Trachtenfreunde,<\/p>\n<p>&nbsp;<\/p>\n<p>wir m\u00f6chten euch recht herzlich zum zweiten Gesamtbairischen Tanzfest nach Hinterskirchen einladen.<\/p>\n<p>Wann: \u00a0\u00a0\u00a0\u00a0\u00a0\u00a0\u00a0\u00a0\u00a0\u00a0 <b>20. und 21. April 2012 <\/b><\/p>\n<p>Wo:\u00a0\u00a0\u00a0\u00a0\u00a0\u00a0\u00a0\u00a0\u00a0\u00a0\u00a0\u00a0\u00a0\u00a0\u00a0\u00a0 Rampl-Festhalle in Hinterskirchen<\/p>\n<p>Zum Programm, am Samstag ab 18 Uhr beginnt das Tanzfest. Dort werden die verschiedenen Gaugruppen aus dem bayerischen Trachtenverband auftreten und nat\u00fcrlich auch unsere Gaugruppe. Es wird aber auch allgemeine Tanzrunden f\u00fcr jedermann geben. Am Sonntag findet ab ca 11 Uhr ein musikalischer Fr\u00fchschoppen statt.<\/p>\n<p>&nbsp;<\/p>\n<p>Wir werden alle gemeinsam mit zwei Bussen nach Hinterskirchen fahren. Dazu werden wir noch die Sammelstellen und Abfahrtszeiten bekannt geben. \u00dcbernachten werden wir wieder in der Jugendherberge in Landshut.<\/p>\n<p>&nbsp;<\/p>\n<p>Alle Anmeldungen telefonisch oder per E-Mail an uns, anmelden kann sich jeder Trachtler ab 16 Jahren. <b>Anmeldeschluss ist der 20. Januar 2013!<\/b><\/p>\n<p><b>\u00a0<\/b><\/p>\n<p>Zu den Kosten k\u00f6nnen wir im Moment noch keine genaue Auskunft geben, da wir diese von der Zahl der Anmeldungen bzw Teilnehmern abh\u00e4ngig machen m\u00fcssen.<\/p>\n<p>&nbsp;<\/p>\n<p>Bitte macht f\u00fcr den Tanzabend Werbung in den Vereinen. Alle die das letzte mal in Hinterskirchen dabei waren, werden bestimmt noch wissen, wie sch\u00f6n der Tanzabend und der Fr\u00fchschoppen waren und was f\u00fcr eine Gaudi wir hatten.<\/p>\n<p>&nbsp;<\/p>\n<p>Mit Trachtengru\u00df<\/p>\n<p>&nbsp;<\/p>\n<p>Eure Vort\u00e4nzer<\/p>\n<p>Florian und Bianca<\/p>\n<p>&nbsp;<\/p>\n<table border=\"0\" cellspacing=\"0\" cellpadding=\"0\">\n<tbody>\n<tr>\n<td valign=\"top\" width=\"302\"><i>Florian Kre\u00df<\/i><i>09723\/1291<\/i><\/p>\n<p><i>0175\/5815408<\/i><\/p>\n<p><i>tanz1@tv-ufr.de<\/i><\/td>\n<td valign=\"top\" width=\"302\">Bianca Sch\u00f6nig09321\/3996737<\/p>\n<p>0151\/52504427<\/p>\n<p>tanz2@tv-ufr.de<\/td>\n<\/tr>\n<\/tbody>\n<\/table>\n","protected":false},"excerpt":{"rendered":"<p>An alle Vort\u00e4nzer, Vort\u00e4nzerinnen und Vereinsmitglieder der Trachtenvereine &nbsp; Liebe Trachtenfreunde, &nbsp; wir m\u00f6chten euch recht herzlich zum zweiten Gesamtbairischen Tanzfest nach Hinterskirchen einladen. Wann: \u00a0\u00a0\u00a0\u00a0\u00a0\u00a0\u00a0\u00a0\u00a0\u00a0 20. und 21. April 2012 Wo:\u00a0\u00a0\u00a0\u00a0\u00a0\u00a0\u00a0\u00a0\u00a0\u00a0\u00a0\u00a0\u00a0\u00a0\u00a0\u00a0 Rampl-Festhalle in Hinterskirchen Zum Programm, am Samstag ab 18 Uhr beginnt das Tanzfest. Dort werden die verschiedenen Gaugruppen aus dem bayerischen Trachtenverband auftreten &hellip; <a href=\"https:\/\/www.trachtenverband-unterfranken.de\/?p=2884\" class=\"more-link\"><span class=\"screen-reader-text\">Einladung zum zweiten Gesamtbairischen Tanzfest mit Gaugruppentreffen nach Hinterskirchen<\/span> weiterlesen<\/a><\/p>\n","protected":false},"author":2,"featured_media":0,"comment_status":"closed","ping_status":"closed","sticky":false,"template":"","format":"standard","meta":{"footnotes":""},"categories":[1,9,13,7,11,12],"tags":[],"_links":{"self":[{"href":"https:\/\/www.trachtenverband-unterfranken.de\/index.php?rest_route=\/wp\/v2\/posts\/2884"}],"collection":[{"href":"https:\/\/www.trachtenverband-unterfranken.de\/index.php?rest_route=\/wp\/v2\/posts"}],"about":[{"href":"https:\/\/www.trachtenverband-unterfranken.de\/index.php?rest_route=\/wp\/v2\/types\/post"}],"author":[{"embeddable":true,"href":"https:\/\/www.trachtenverband-unterfranken.de\/index.php?rest_route=\/wp\/v2\/users\/2"}],"replies":[{"embeddable":true,"href":"https:\/\/www.trachtenverband-unterfranken.de\/index.php?rest_route=%2Fwp%2Fv2%2Fcomments&post=2884"}],"version-history":[{"count":2,"href":"https:\/\/www.trachtenverband-unterfranken.de\/index.php?rest_route=\/wp\/v2\/posts\/2884\/revisions"}],"predecessor-version":[{"id":2886,"href":"https:\/\/www.trachtenverband-unterfranken.de\/index.php?rest_route=\/wp\/v2\/posts\/2884\/revisions\/2886"}],"wp:attachment":[{"href":"https:\/\/www.trachtenverband-unterfranken.de\/index.php?rest_route=%2Fwp%2Fv2%2Fmedia&parent=2884"}],"wp:term":[{"taxonomy":"category","embeddable":true,"href":"https:\/\/www.trachtenverband-unterfranken.de\/index.php?rest_route=%2Fwp%2Fv2%2Fcategories&post=2884"},{"taxonomy":"post_tag","embeddable":true,"href":"https:\/\/www.trachtenverband-unterfranken.de\/index.php?rest_route=%2Fwp%2Fv2%2Ftags&post=2884"}],"curies":[{"name":"wp","href":"https:\/\/api.w.org\/{rel}","templated":true}]}}