{"id":2890,"date":"2013-01-23T22:32:42","date_gmt":"2013-01-23T21:32:42","guid":{"rendered":"http:\/\/www.trachtenverband-unterfranken.de\/?p=2890"},"modified":"2013-01-24T07:06:58","modified_gmt":"2013-01-24T06:06:58","slug":"10-jahre-fusion-der-trachtenverbande-in-bayern","status":"publish","type":"post","link":"https:\/\/www.trachtenverband-unterfranken.de\/?p=2890","title":{"rendered":"10 Jahre Fusion der Trachtenverb\u00e4nde in Bayern"},"content":{"rendered":"<p>Am 22.01.2013 fand im Maximilianeum in M\u00fcnchen eine Gedenkveranstaltung an die Fusion der Bayerischen Trachtenverb\u00e4nde vor 10\u00a0Jahren\u00a0statt. Unterfranken war mit einer Abordnung vertreten. Der Landesvorsitzende a.D. Otto Dufter wurde vom Landesvorsitzenden Max Bertl mit der Lehrer-Vogl-Medaille ausgezeichnet. Die unterfr\u00e4nkische Delegation gratulierte herzlich.<\/p>\n<figure id=\"attachment_2891\" aria-describedby=\"caption-attachment-2891\" style=\"width: 168px\" class=\"wp-caption aligncenter\"><a href=\"https:\/\/www.trachtenverband-unterfranken.de\/wp-content\/uploads\/2013\/01\/IMG_1021-Kleiner.jpg\"><img loading=\"lazy\" decoding=\"async\" class=\"size-medium wp-image-2891\" alt=\"Ida Bartenstein (Geldersheim), Oliver Brust (1. Gauvorstand), Ehepaar Hilde und Otto Dufter, dazwischen Marcus M\u00fcller Gauf\u00e4hnrich, Inge Burkhard-Vatterodt (Gaujugendleiterin)\" src=\"https:\/\/www.trachtenverband-unterfranken.de\/wp-content\/uploads\/2013\/01\/IMG_1021-Kleiner-168x300.jpg\" width=\"168\" height=\"300\" srcset=\"https:\/\/www.trachtenverband-unterfranken.de\/wp-content\/uploads\/2013\/01\/IMG_1021-Kleiner-168x300.jpg 168w, https:\/\/www.trachtenverband-unterfranken.de\/wp-content\/uploads\/2013\/01\/IMG_1021-Kleiner.jpg 281w\" sizes=\"(max-width: 168px) 100vw, 168px\" \/><\/a><figcaption id=\"caption-attachment-2891\" class=\"wp-caption-text\">Ida Bartenstein (Geldersheim), Oliver Brust (1. Gauvorstand), Ehepaar Hilde und Otto Dufter, dazwischen Marcus M\u00fcller Gauf\u00e4hnrich, Inge Burkhard-Vatterodt (Gaujugendleiterin)<\/figcaption><\/figure>\n<p>Und hier ein ausf\u00fchrlicher Bericht des Landespressewartes Hans Menzinger:<\/p>\n<p>10 Jahre Vereinigung der bayerischen Trachtler<\/p>\n<p>Otto Dufter mit Lehrer-Vogel-Medaille in Gold ausgezeichnet.<br \/>\nVor 10 Jahren ging ein langgehegter Wunsch vieler Trachtler in Erf\u00fcllung: Die beiden gro\u00dfen\u00a0bayerischen Trachtenverb\u00e4nde schlossen sich zu einem Dachverband zusammen. Aus diesem\u00a0Anlass versammelten sich im Lesesaal des Maximilian\u00e4ums in M\u00fcnchen die Vertreter des\u00a0Bayerischen Trachtenverbandes e.V. und seiner 22 angeschlossenen Gauverb\u00e4nde um in einer\u00a0kleinen Feierstunde dieses historische Ereignis zu w\u00fcrdigen.\u00a0In seiner Begr\u00fc\u00dfungsrede freute sich Landesvorsitzender Max Bertl \u00fcber die Anwesenheit\u00a0zahlreicher Ehreng\u00e4ste aus ganz Bayern. Mit gro\u00dfer Freude begr\u00fc\u00dfte er den Vertreter des Hauses\u00a0Wittelsbach, Prinz Ludwig von Bayern, den Hausherrn Landtagsvizepr\u00e4sidenten Reinhold Bocklet,\u00a0den Staatsminister f\u00fcr Wissenschaft, Forschung und Kunst Dr. Wolfgang Heubisch, die Vertreter der\u00a0Landtagsfraktionen, die Bezirkstagspr\u00e4sidenten von Ober- und Niederbayern Josef Mederer und\u00a0Manfred H\u00f6lzlein, sowie die \u00a0Ehrenvorsitzenden des Bayerischen Trachtenverbandes Otto Kragler\u00a0und Otto Dufter.\u00a0Umrahmt von den Fahnen und Standarten der Mitgliedsverb\u00e4nde w\u00fcrdigten Reinhold Bocklet und\u00a0Dr. Wolfgang Heubisch den nun seit 10 Jahren bestehenden gro\u00dfen Dachverband mit mehr als\u00a0165.000 bayerischen Trachtentr\u00e4gern und Brauchtumspflegern als Aush\u00e4ngeschild des Freistaates\u00a0Bayern.\u00a0Ein besonderes Lob erteilte Heubisch f\u00fcr die Jugendarbeit im Bayerischen Trachtenverband. Die<br \/>\nmehr als 100.000 Kinder und Jugendlichen aus allen Teilen Bayerns, zusammengeschlossen in der\u00a0Bayerischen Trachtenjugend, garantieren die Zukunft unserer Kultur und den Fortbestand unseres\u00a0Brauchtums \u00fcber die n\u00e4chsten Generationen. Die ehrenamtliche Arbeit die hier geleistet wird, ist\u00a0musterg\u00fcltig und pr\u00e4gend f\u00fcr die Zukunft unseres Landes.\u00a0Mit bedauern stellte der Minister fest, dass drei Gauverb\u00e4nde fehlen. Es bleibe zu hoffen, dass diese\u00a0bald wieder unter das Dach des Bayerischen Trachtenverbandes zur\u00fcckfinden werden.\u00a0In seiner Festansprache ging der Ehrenvorsitzende Otto Dufter auf die historischen Hintergr\u00fcnde\u00a0der Verschmelzung der beiden Trachtenverb\u00e4nde ein, die fast 90 Jahre lang immer wieder\u00a0angestrebt wurde, aber auf Grund unterschiedlichster Umst\u00e4nde und Widrigkeiten erst im Jahre\u00a02002 verwirklicht werden konnte.\u00a0Eine besondere \u00dcberraschung hatte der Landesvorsitzende f\u00fcr Otto Dufter parat. Unter stehenden\u00a0Ovationen aller Anwesenden \u00fcberreichte er seinem Amtsvorg\u00e4nger die h\u00f6chste Auszeichnung des\u00a0Bayerischen Trachtenverbandes, die \u201eLehrer-Vogl-Medaille\u201c in Gold. Musikalisch umrahmt wurde die Feierstunde durch Musikanten der M\u00fcnchner Schule f\u00fcr\u00a0Bayerische Musik \u2013 Wastl-Fanderl-Schule, die auch den anschlie\u00dfenden Stehempfang mit\u00a0wohlklingender bayerischer Volksmusik untermalten. Nach einer Einf\u00fchrung in die Arbeit des\u00a0Bayerischen Landtags und einem kleinen Rundgang durch das Hohe Haus hatten die Trachtler noch\u00a0Gelegenheit, im Plenarsaal mit dem Minister zu diskutieren.<\/p>\n<p>&nbsp;<\/p>\n<figure id=\"attachment_2896\" aria-describedby=\"caption-attachment-2896\" style=\"width: 300px\" class=\"wp-caption aligncenter\"><a href=\"https:\/\/www.trachtenverband-unterfranken.de\/wp-content\/uploads\/2013\/01\/1Bayerns-Trachtler-im-Landtag.jpg\"><img loading=\"lazy\" decoding=\"async\" class=\"size-medium wp-image-2896\" alt=\"Foto: Hans Menzinger\" src=\"https:\/\/www.trachtenverband-unterfranken.de\/wp-content\/uploads\/2013\/01\/1Bayerns-Trachtler-im-Landtag-300x121.jpg\" width=\"300\" height=\"121\" srcset=\"https:\/\/www.trachtenverband-unterfranken.de\/wp-content\/uploads\/2013\/01\/1Bayerns-Trachtler-im-Landtag-300x121.jpg 300w, https:\/\/www.trachtenverband-unterfranken.de\/wp-content\/uploads\/2013\/01\/1Bayerns-Trachtler-im-Landtag.jpg 750w\" sizes=\"(max-width: 300px) 100vw, 300px\" \/><\/a><figcaption id=\"caption-attachment-2896\" class=\"wp-caption-text\">Foto: Hans Menzinger<\/figcaption><\/figure>\n<p><a href=\"https:\/\/www.trachtenverband-unterfranken.de\/wp-content\/uploads\/2013\/01\/1Bayerns-Trachtler-im-Landtag2.jpg\"><img loading=\"lazy\" decoding=\"async\" class=\"aligncenter size-medium wp-image-2897\" alt=\"1Bayerns Trachtler im Landtag2\" src=\"https:\/\/www.trachtenverband-unterfranken.de\/wp-content\/uploads\/2013\/01\/1Bayerns-Trachtler-im-Landtag2-300x168.jpg\" width=\"300\" height=\"168\" srcset=\"https:\/\/www.trachtenverband-unterfranken.de\/wp-content\/uploads\/2013\/01\/1Bayerns-Trachtler-im-Landtag2-300x168.jpg 300w, https:\/\/www.trachtenverband-unterfranken.de\/wp-content\/uploads\/2013\/01\/1Bayerns-Trachtler-im-Landtag2.jpg 750w\" sizes=\"(max-width: 300px) 100vw, 300px\" \/><\/a> <a href=\"https:\/\/www.trachtenverband-unterfranken.de\/wp-content\/uploads\/2013\/01\/1OttoDufter-Ehrung-von-Max-Bertl.jpg\"><img loading=\"lazy\" decoding=\"async\" class=\"aligncenter size-medium wp-image-2898\" alt=\"1OttoDufter-Ehrung von Max Bertl\" src=\"https:\/\/www.trachtenverband-unterfranken.de\/wp-content\/uploads\/2013\/01\/1OttoDufter-Ehrung-von-Max-Bertl-300x168.jpg\" width=\"300\" height=\"168\" srcset=\"https:\/\/www.trachtenverband-unterfranken.de\/wp-content\/uploads\/2013\/01\/1OttoDufter-Ehrung-von-Max-Bertl-300x168.jpg 300w, https:\/\/www.trachtenverband-unterfranken.de\/wp-content\/uploads\/2013\/01\/1OttoDufter-Ehrung-von-Max-Bertl.jpg 750w\" sizes=\"(max-width: 300px) 100vw, 300px\" \/><\/a><\/p>\n","protected":false},"excerpt":{"rendered":"<p>Am 22.01.2013 fand im Maximilianeum in M\u00fcnchen eine Gedenkveranstaltung an die Fusion der Bayerischen Trachtenverb\u00e4nde vor 10\u00a0Jahren\u00a0statt. Unterfranken war mit einer Abordnung vertreten. Der Landesvorsitzende a.D. Otto Dufter wurde vom Landesvorsitzenden Max Bertl mit der Lehrer-Vogl-Medaille ausgezeichnet. Die unterfr\u00e4nkische Delegation gratulierte herzlich. Und hier ein ausf\u00fchrlicher Bericht des Landespressewartes Hans Menzinger: 10 Jahre Vereinigung der &hellip; <a href=\"https:\/\/www.trachtenverband-unterfranken.de\/?p=2890\" class=\"more-link\"><span class=\"screen-reader-text\">10 Jahre Fusion der Trachtenverb\u00e4nde in Bayern<\/span> weiterlesen<\/a><\/p>\n","protected":false},"author":2,"featured_media":0,"comment_status":"closed","ping_status":"closed","sticky":false,"template":"","format":"standard","meta":{"footnotes":""},"categories":[1,4,9],"tags":[],"_links":{"self":[{"href":"https:\/\/www.trachtenverband-unterfranken.de\/index.php?rest_route=\/wp\/v2\/posts\/2890"}],"collection":[{"href":"https:\/\/www.trachtenverband-unterfranken.de\/index.php?rest_route=\/wp\/v2\/posts"}],"about":[{"href":"https:\/\/www.trachtenverband-unterfranken.de\/index.php?rest_route=\/wp\/v2\/types\/post"}],"author":[{"embeddable":true,"href":"https:\/\/www.trachtenverband-unterfranken.de\/index.php?rest_route=\/wp\/v2\/users\/2"}],"replies":[{"embeddable":true,"href":"https:\/\/www.trachtenverband-unterfranken.de\/index.php?rest_route=%2Fwp%2Fv2%2Fcomments&post=2890"}],"version-history":[{"count":7,"href":"https:\/\/www.trachtenverband-unterfranken.de\/index.php?rest_route=\/wp\/v2\/posts\/2890\/revisions"}],"predecessor-version":[{"id":2894,"href":"https:\/\/www.trachtenverband-unterfranken.de\/index.php?rest_route=\/wp\/v2\/posts\/2890\/revisions\/2894"}],"wp:attachment":[{"href":"https:\/\/www.trachtenverband-unterfranken.de\/index.php?rest_route=%2Fwp%2Fv2%2Fmedia&parent=2890"}],"wp:term":[{"taxonomy":"category","embeddable":true,"href":"https:\/\/www.trachtenverband-unterfranken.de\/index.php?rest_route=%2Fwp%2Fv2%2Fcategories&post=2890"},{"taxonomy":"post_tag","embeddable":true,"href":"https:\/\/www.trachtenverband-unterfranken.de\/index.php?rest_route=%2Fwp%2Fv2%2Ftags&post=2890"}],"curies":[{"name":"wp","href":"https:\/\/api.w.org\/{rel}","templated":true}]}}