{"id":2927,"date":"2013-01-30T09:19:37","date_gmt":"2013-01-30T08:19:37","guid":{"rendered":"http:\/\/www.trachtenverband-unterfranken.de\/?p=2927"},"modified":"2013-01-30T09:25:12","modified_gmt":"2013-01-30T08:25:12","slug":"seminar-vereinsrecht","status":"publish","type":"post","link":"https:\/\/www.trachtenverband-unterfranken.de\/?p=2927","title":{"rendered":"Seminar &#8222;Vereinsrecht&#8220;"},"content":{"rendered":"<p><strong>Unterfrankens Trachtler Trachten sich in Kloster Banz zu einem Seminar zum Thema &#8222;Vereinsrecht&#8220; <img decoding=\"async\" class=\"mceItem\" title=\"gallery ids=&quot;2928,2929,2930,2931,2932,2933,2934,2935,2936,2937,2938&quot;\" alt=\"\" src=\"https:\/\/www.trachtenverband-unterfranken.de\/wp-includes\/js\/tinymce\/plugins\/wpgallery\/img\/t.gif\" \/><\/strong><\/p>\n<div id='gallery-1' class='gallery galleryid-2927 gallery-columns-3 gallery-size-thumbnail'><figure class='gallery-item'>\n\t\t\t<div class='gallery-icon landscape'>\n\t\t\t\t<a href='https:\/\/www.trachtenverband-unterfranken.de\/?attachment_id=2933'><img loading=\"lazy\" decoding=\"async\" width=\"150\" height=\"150\" src=\"https:\/\/www.trachtenverband-unterfranken.de\/wp-content\/uploads\/2013\/01\/0141-150x150.jpg\" class=\"attachment-thumbnail size-thumbnail\" alt=\"\" \/><\/a>\n\t\t\t<\/div><\/figure><figure class='gallery-item'>\n\t\t\t<div class='gallery-icon landscape'>\n\t\t\t\t<a href='https:\/\/www.trachtenverband-unterfranken.de\/?attachment_id=2938'><img loading=\"lazy\" decoding=\"async\" width=\"150\" height=\"150\" src=\"https:\/\/www.trachtenverband-unterfranken.de\/wp-content\/uploads\/2013\/01\/0011-150x150.jpg\" class=\"attachment-thumbnail size-thumbnail\" alt=\"\" \/><\/a>\n\t\t\t<\/div><\/figure><figure class='gallery-item'>\n\t\t\t<div class='gallery-icon landscape'>\n\t\t\t\t<a href='https:\/\/www.trachtenverband-unterfranken.de\/?attachment_id=2937'><img loading=\"lazy\" decoding=\"async\" width=\"150\" height=\"150\" src=\"https:\/\/www.trachtenverband-unterfranken.de\/wp-content\/uploads\/2013\/01\/0071-150x150.jpg\" class=\"attachment-thumbnail size-thumbnail\" alt=\"\" \/><\/a>\n\t\t\t<\/div><\/figure><figure class='gallery-item'>\n\t\t\t<div class='gallery-icon landscape'>\n\t\t\t\t<a href='https:\/\/www.trachtenverband-unterfranken.de\/?attachment_id=2936'><img loading=\"lazy\" decoding=\"async\" width=\"150\" height=\"150\" src=\"https:\/\/www.trachtenverband-unterfranken.de\/wp-content\/uploads\/2013\/01\/0111-150x150.jpg\" class=\"attachment-thumbnail size-thumbnail\" alt=\"\" \/><\/a>\n\t\t\t<\/div><\/figure><figure class='gallery-item'>\n\t\t\t<div class='gallery-icon landscape'>\n\t\t\t\t<a href='https:\/\/www.trachtenverband-unterfranken.de\/?attachment_id=2935'><img loading=\"lazy\" decoding=\"async\" width=\"150\" height=\"150\" src=\"https:\/\/www.trachtenverband-unterfranken.de\/wp-content\/uploads\/2013\/01\/0091-150x150.jpg\" class=\"attachment-thumbnail size-thumbnail\" alt=\"\" \/><\/a>\n\t\t\t<\/div><\/figure><figure class='gallery-item'>\n\t\t\t<div class='gallery-icon landscape'>\n\t\t\t\t<a href='https:\/\/www.trachtenverband-unterfranken.de\/?attachment_id=2934'><img loading=\"lazy\" decoding=\"async\" width=\"150\" height=\"150\" src=\"https:\/\/www.trachtenverband-unterfranken.de\/wp-content\/uploads\/2013\/01\/0151-150x150.jpg\" class=\"attachment-thumbnail size-thumbnail\" alt=\"\" \/><\/a>\n\t\t\t<\/div><\/figure><figure class='gallery-item'>\n\t\t\t<div class='gallery-icon landscape'>\n\t\t\t\t<a href='https:\/\/www.trachtenverband-unterfranken.de\/?attachment_id=2932'><img loading=\"lazy\" decoding=\"async\" width=\"150\" height=\"150\" src=\"https:\/\/www.trachtenverband-unterfranken.de\/wp-content\/uploads\/2013\/01\/0181-150x150.jpg\" class=\"attachment-thumbnail size-thumbnail\" alt=\"\" \/><\/a>\n\t\t\t<\/div><\/figure><figure class='gallery-item'>\n\t\t\t<div class='gallery-icon landscape'>\n\t\t\t\t<a href='https:\/\/www.trachtenverband-unterfranken.de\/?attachment_id=2931'><img loading=\"lazy\" decoding=\"async\" width=\"150\" height=\"150\" src=\"https:\/\/www.trachtenverband-unterfranken.de\/wp-content\/uploads\/2013\/01\/0171-150x150.jpg\" class=\"attachment-thumbnail size-thumbnail\" alt=\"\" \/><\/a>\n\t\t\t<\/div><\/figure><figure class='gallery-item'>\n\t\t\t<div class='gallery-icon landscape'>\n\t\t\t\t<a href='https:\/\/www.trachtenverband-unterfranken.de\/?attachment_id=2930'><img loading=\"lazy\" decoding=\"async\" width=\"150\" height=\"150\" src=\"https:\/\/www.trachtenverband-unterfranken.de\/wp-content\/uploads\/2013\/01\/0211-150x150.jpg\" class=\"attachment-thumbnail size-thumbnail\" alt=\"\" \/><\/a>\n\t\t\t<\/div><\/figure><figure class='gallery-item'>\n\t\t\t<div class='gallery-icon landscape'>\n\t\t\t\t<a href='https:\/\/www.trachtenverband-unterfranken.de\/?attachment_id=2929'><img loading=\"lazy\" decoding=\"async\" width=\"150\" height=\"150\" src=\"https:\/\/www.trachtenverband-unterfranken.de\/wp-content\/uploads\/2013\/01\/0221-150x150.jpg\" class=\"attachment-thumbnail size-thumbnail\" alt=\"\" \/><\/a>\n\t\t\t<\/div><\/figure><figure class='gallery-item'>\n\t\t\t<div class='gallery-icon landscape'>\n\t\t\t\t<a href='https:\/\/www.trachtenverband-unterfranken.de\/?attachment_id=2928'><img loading=\"lazy\" decoding=\"async\" width=\"150\" height=\"150\" src=\"https:\/\/www.trachtenverband-unterfranken.de\/wp-content\/uploads\/2013\/01\/0231-150x150.jpg\" class=\"attachment-thumbnail size-thumbnail\" alt=\"\" \/><\/a>\n\t\t\t<\/div><\/figure>\n\t\t<\/div>\n\n<p>&nbsp;<\/p>\n<p>Vereinsrecht muss nicht unbedingt eine trockene Angelegenheit sein. Diese Erfahrung haben die Teilnehmer des Trachtenverbandes Unterfranken beim diesj\u00e4hrigen Seminar auf Schloss Banz gemacht. Das von der Hanns-Seidel-Stiftung und dem Trachtenverband Unterfranken in Kooperation angebotene Seminar umfasst zwei Tage (Samstagvormittag bis Sonntagmittag) und ist deshalb so konzipiert, um am Abend miteinander ins Gespr\u00e4ch zu kommen, was bei einem eint\u00e4gigen Seminar nie zustande kommen w\u00fcrde.<\/p>\n<p>Der Samstagvormittag, aber auch der Nachmittag, war prall gef\u00e4llt mit Informationen und Wissenswertem aus dem Reich des Vereinsrechtes. Der Referent Rechtsanwalt Steffen Vogel aus Schweinfurt hat uns das Vereinsrecht anschaulich n\u00e4hergebracht. Kein trockener Vortag \u00e4 nein, eher spritzig und praxisnah &#8211; und immer auf Augenh\u00f6he mit uns Teilnehmern. Fragen unsererseits haben immer Raum gefunden, konkret dann, wenn es um Formulierungen in der Satzung ging. Aber auch aktuelle, vereinsinterne Fragestellungen konnten gekl\u00e4rt werden. Dieses Seminar war f\u00fcr uns sehr aufschlussreich und bereichernd. So konnten wir wichtige Informationen mit nach Hause nehmen, um vereinsintern zu diskutieren oder auch bisher offene Themen zu kl\u00e4ren.<\/p>\n<p>Nach getaner Arbeit und einem reichhaltigen Abendessen blieb viel Zeit, in trauter Runde bei einem Glas Wein eine gute Unterhaltung zuh\u00f6ren. Thilo Weiskopf und sein Bruder Marco unsere beiden Gaumusikwarte griffen zu ihren Instrumenten und so hatten wir eine super Wirtshausmusik. Die Stimmung war bestens und die Lumpenliedli kamen uns leicht \u00fcber die Lippen. Schade, so stellten wir fest, dass nur 13 Personen am Seminar teilgenommen haben. Unser Res\u00fcmee ist durchwegs bestens, vor allem die ungezwungene Unterhaltung tr\u00e4gt viel zur Gemeinschaft bei.<\/p>\n<p>Weitere Themen unseres zweit\u00e4gigen Seminar war die Zukunftswerkstatt\u00e4 referiert von Oliver Brust. Dabei ging es um einen gedanklichen Ausflug, wie es beim Trachtenverband zuk\u00fcnftig weitergeht, vor allem wie Junge Menschen gewonnen werden k\u00f6nnen, ohne sie in etwas hineinzuzw\u00e4ngen. Jeder konnte seine spontanen Ideen einwerfen, diese wurden strukturiert und gesammelt.<\/p>\n<p>Am Sonntagmorgen hat uns Ursula Kullich viel Interessantes und auch Neues \u00fcber Brauchtum und die besondere Bedeutung der Raun\u00dfchte erz\u00e4hlt. Es war ein prima Referat, sehr eindrucksvoll, mit vielen Beispielen, die auch heute noch &#8211; wenn man dar\u00fcber nachdenkt &#8211; gro\u00dfe Bedeutung in unserem Alltag finden. Sie hat das Referat noch ausgedehnt vom Fasching bis zu den Tagen um Ostern und Pfingsten, weil wir so fasziniert waren.<\/p>\n<p>Danke Ursula. Besonders f\u00fcr die Faschingsr\u00e4dli.<\/p>\n<p><em>Barbara G\u00f6bel, Gaupressewartin <\/em><\/p>\n<p><em>Bilder von Thilo Weiskopf<\/em><\/p>\n","protected":false},"excerpt":{"rendered":"<p>Unterfrankens Trachtler Trachten sich in Kloster Banz zu einem Seminar zum Thema &#8222;Vereinsrecht&#8220; &nbsp; Vereinsrecht muss nicht unbedingt eine trockene Angelegenheit sein. Diese Erfahrung haben die Teilnehmer des Trachtenverbandes Unterfranken beim diesj\u00e4hrigen Seminar auf Schloss Banz gemacht. Das von der Hanns-Seidel-Stiftung und dem Trachtenverband Unterfranken in Kooperation angebotene Seminar umfasst zwei Tage (Samstagvormittag bis Sonntagmittag) &hellip; <a href=\"https:\/\/www.trachtenverband-unterfranken.de\/?p=2927\" class=\"more-link\"><span class=\"screen-reader-text\">Seminar &#8222;Vereinsrecht&#8220;<\/span> weiterlesen<\/a><\/p>\n","protected":false},"author":3,"featured_media":0,"comment_status":"closed","ping_status":"closed","sticky":false,"template":"","format":"standard","meta":{"footnotes":""},"categories":[1,9],"tags":[],"_links":{"self":[{"href":"https:\/\/www.trachtenverband-unterfranken.de\/index.php?rest_route=\/wp\/v2\/posts\/2927"}],"collection":[{"href":"https:\/\/www.trachtenverband-unterfranken.de\/index.php?rest_route=\/wp\/v2\/posts"}],"about":[{"href":"https:\/\/www.trachtenverband-unterfranken.de\/index.php?rest_route=\/wp\/v2\/types\/post"}],"author":[{"embeddable":true,"href":"https:\/\/www.trachtenverband-unterfranken.de\/index.php?rest_route=\/wp\/v2\/users\/3"}],"replies":[{"embeddable":true,"href":"https:\/\/www.trachtenverband-unterfranken.de\/index.php?rest_route=%2Fwp%2Fv2%2Fcomments&post=2927"}],"version-history":[{"count":4,"href":"https:\/\/www.trachtenverband-unterfranken.de\/index.php?rest_route=\/wp\/v2\/posts\/2927\/revisions"}],"predecessor-version":[{"id":2940,"href":"https:\/\/www.trachtenverband-unterfranken.de\/index.php?rest_route=\/wp\/v2\/posts\/2927\/revisions\/2940"}],"wp:attachment":[{"href":"https:\/\/www.trachtenverband-unterfranken.de\/index.php?rest_route=%2Fwp%2Fv2%2Fmedia&parent=2927"}],"wp:term":[{"taxonomy":"category","embeddable":true,"href":"https:\/\/www.trachtenverband-unterfranken.de\/index.php?rest_route=%2Fwp%2Fv2%2Fcategories&post=2927"},{"taxonomy":"post_tag","embeddable":true,"href":"https:\/\/www.trachtenverband-unterfranken.de\/index.php?rest_route=%2Fwp%2Fv2%2Ftags&post=2927"}],"curies":[{"name":"wp","href":"https:\/\/api.w.org\/{rel}","templated":true}]}}