{"id":3026,"date":"2013-03-01T09:53:03","date_gmt":"2013-03-01T08:53:03","guid":{"rendered":"http:\/\/www.trachtenverband-unterfranken.de\/?p=3026"},"modified":"2013-03-01T09:53:43","modified_gmt":"2013-03-01T08:53:43","slug":"bekanntester-bayer-nimmt-abschied","status":"publish","type":"post","link":"https:\/\/www.trachtenverband-unterfranken.de\/?p=3026","title":{"rendered":"Bekanntester Bayer nimmt Abschied"},"content":{"rendered":"<blockquote><p>Bei seiner Abschieds-Audienz auf dem Petersplatz in Rom zwei Wochen nach seiner R\u00fccktritts-Erkl\u00e4rung erfuhr Papst Benedikt XVI. noch einmal gro\u00dfen Zuspruch. Eine lebendige Schar von Christen aus aller Welt war mit gemischten Gef\u00fchlen gekommen, um dem 265. Pontifex die Ehre zu erweisen.<\/p>\n<p>Unter den weit \u00fcber 100.000 Besuchern waren auch viele Trachtler aus Bayern.<\/p><\/blockquote>\n<p><a href=\"http:\/\/www.trachtenverband-bayern.de\/news-reader\/items\/578.html\" target=\"_blank\">Weiter lesen auf www.trachtenverband-bayern.de<\/a><\/p>\n<p>&nbsp;<\/p>\n","protected":false},"excerpt":{"rendered":"<p>Bei seiner Abschieds-Audienz auf dem Petersplatz in Rom zwei Wochen nach seiner R\u00fccktritts-Erkl\u00e4rung erfuhr Papst Benedikt XVI. noch einmal gro\u00dfen Zuspruch. Eine lebendige Schar von Christen aus aller Welt war mit gemischten Gef\u00fchlen gekommen, um dem 265. Pontifex die Ehre zu erweisen. Unter den weit \u00fcber 100.000 Besuchern waren auch viele Trachtler aus Bayern. Weiter &hellip; <a href=\"https:\/\/www.trachtenverband-unterfranken.de\/?p=3026\" class=\"more-link\"><span class=\"screen-reader-text\">Bekanntester Bayer nimmt Abschied<\/span> weiterlesen<\/a><\/p>\n","protected":false},"author":3,"featured_media":0,"comment_status":"closed","ping_status":"closed","sticky":false,"template":"","format":"standard","meta":{"footnotes":""},"categories":[9],"tags":[],"_links":{"self":[{"href":"https:\/\/www.trachtenverband-unterfranken.de\/index.php?rest_route=\/wp\/v2\/posts\/3026"}],"collection":[{"href":"https:\/\/www.trachtenverband-unterfranken.de\/index.php?rest_route=\/wp\/v2\/posts"}],"about":[{"href":"https:\/\/www.trachtenverband-unterfranken.de\/index.php?rest_route=\/wp\/v2\/types\/post"}],"author":[{"embeddable":true,"href":"https:\/\/www.trachtenverband-unterfranken.de\/index.php?rest_route=\/wp\/v2\/users\/3"}],"replies":[{"embeddable":true,"href":"https:\/\/www.trachtenverband-unterfranken.de\/index.php?rest_route=%2Fwp%2Fv2%2Fcomments&post=3026"}],"version-history":[{"count":2,"href":"https:\/\/www.trachtenverband-unterfranken.de\/index.php?rest_route=\/wp\/v2\/posts\/3026\/revisions"}],"predecessor-version":[{"id":3039,"href":"https:\/\/www.trachtenverband-unterfranken.de\/index.php?rest_route=\/wp\/v2\/posts\/3026\/revisions\/3039"}],"wp:attachment":[{"href":"https:\/\/www.trachtenverband-unterfranken.de\/index.php?rest_route=%2Fwp%2Fv2%2Fmedia&parent=3026"}],"wp:term":[{"taxonomy":"category","embeddable":true,"href":"https:\/\/www.trachtenverband-unterfranken.de\/index.php?rest_route=%2Fwp%2Fv2%2Fcategories&post=3026"},{"taxonomy":"post_tag","embeddable":true,"href":"https:\/\/www.trachtenverband-unterfranken.de\/index.php?rest_route=%2Fwp%2Fv2%2Ftags&post=3026"}],"curies":[{"name":"wp","href":"https:\/\/api.w.org\/{rel}","templated":true}]}}