{"id":3043,"date":"2013-03-04T10:10:38","date_gmt":"2013-03-04T09:10:38","guid":{"rendered":"http:\/\/www.trachtenverband-unterfranken.de\/?p=3043"},"modified":"2013-03-04T10:11:04","modified_gmt":"2013-03-04T09:11:04","slug":"kirchenkonzert-in-wurzburg","status":"publish","type":"post","link":"https:\/\/www.trachtenverband-unterfranken.de\/?p=3043","title":{"rendered":"Kirchenkonzert in W\u00fcrzburg"},"content":{"rendered":"<p>Hallo an allen bekannten des JBO K\u00fcrnach<\/p>\n<p>&nbsp;<\/p>\n<p><strong>am kommenden Sonntag \u00a010.M\u00e4rz 2013<\/strong><\/p>\n<p><strong>um 15:00 Uhr spielt das Symphonische Blasorchester Orchester aus K\u00fcrnach<\/strong><\/p>\n<p><strong>unter der Leitung von Wolfgang Heinrich<\/strong><\/p>\n<p><strong>mit ca. 55 Musikern<\/strong><\/p>\n<p><strong>in der Franziskaner Kirche in W\u00fcrzburg.<\/strong><\/p>\n<p>&nbsp;<\/p>\n<p>Spieldauer ca. eine gute Stunde.<\/p>\n<p>Unser Hauptwerk \u201eThe Shadow of Golgotha\u201c ,<\/p>\n<p>und weitere St\u00fccke wie: The Dansery, Christus Factus Est oder auch \u201cVon guten M\u00e4chten wunderbar\u201d<\/p>\n<p>finden Platz im Programm.<\/p>\n<p>&nbsp;<\/p>\n<p>Und wer nebenbei ein gutes Werk f\u00fcr die Aktion \u201eRegenbogen\u201c der Uni W\u00dc. mit seiner Spende<\/p>\n<p>machen will ist bei uns genau richtig.<\/p>\n<p>&nbsp;<\/p>\n<p>Vielleicht sehn wir uns ja<\/p>\n<p>&nbsp;<\/p>\n<p>Gr\u00fcsse aus K\u00fcrnach<\/p>\n<p>Burkard Schmitt<\/p>\n<p><a href=\"https:\/\/www.trachtenverband-unterfranken.de\/wp-content\/uploads\/2013\/03\/Kirchenkonzert.pdf\">\u00a0Informationen zum Kirchenkonzert herunterladen <\/a><\/p>\n","protected":false},"excerpt":{"rendered":"<p>Hallo an allen bekannten des JBO K\u00fcrnach &nbsp; am kommenden Sonntag \u00a010.M\u00e4rz 2013 um 15:00 Uhr spielt das Symphonische Blasorchester Orchester aus K\u00fcrnach unter der Leitung von Wolfgang Heinrich mit ca. 55 Musikern in der Franziskaner Kirche in W\u00fcrzburg. &nbsp; Spieldauer ca. eine gute Stunde. Unser Hauptwerk \u201eThe Shadow of Golgotha\u201c , und weitere St\u00fccke &hellip; <a href=\"https:\/\/www.trachtenverband-unterfranken.de\/?p=3043\" class=\"more-link\"><span class=\"screen-reader-text\">Kirchenkonzert in W\u00fcrzburg<\/span> weiterlesen<\/a><\/p>\n","protected":false},"author":3,"featured_media":0,"comment_status":"closed","ping_status":"closed","sticky":false,"template":"","format":"standard","meta":{"footnotes":""},"categories":[9],"tags":[],"_links":{"self":[{"href":"https:\/\/www.trachtenverband-unterfranken.de\/index.php?rest_route=\/wp\/v2\/posts\/3043"}],"collection":[{"href":"https:\/\/www.trachtenverband-unterfranken.de\/index.php?rest_route=\/wp\/v2\/posts"}],"about":[{"href":"https:\/\/www.trachtenverband-unterfranken.de\/index.php?rest_route=\/wp\/v2\/types\/post"}],"author":[{"embeddable":true,"href":"https:\/\/www.trachtenverband-unterfranken.de\/index.php?rest_route=\/wp\/v2\/users\/3"}],"replies":[{"embeddable":true,"href":"https:\/\/www.trachtenverband-unterfranken.de\/index.php?rest_route=%2Fwp%2Fv2%2Fcomments&post=3043"}],"version-history":[{"count":2,"href":"https:\/\/www.trachtenverband-unterfranken.de\/index.php?rest_route=\/wp\/v2\/posts\/3043\/revisions"}],"predecessor-version":[{"id":3046,"href":"https:\/\/www.trachtenverband-unterfranken.de\/index.php?rest_route=\/wp\/v2\/posts\/3043\/revisions\/3046"}],"wp:attachment":[{"href":"https:\/\/www.trachtenverband-unterfranken.de\/index.php?rest_route=%2Fwp%2Fv2%2Fmedia&parent=3043"}],"wp:term":[{"taxonomy":"category","embeddable":true,"href":"https:\/\/www.trachtenverband-unterfranken.de\/index.php?rest_route=%2Fwp%2Fv2%2Fcategories&post=3043"},{"taxonomy":"post_tag","embeddable":true,"href":"https:\/\/www.trachtenverband-unterfranken.de\/index.php?rest_route=%2Fwp%2Fv2%2Ftags&post=3043"}],"curies":[{"name":"wp","href":"https:\/\/api.w.org\/{rel}","templated":true}]}}