{"id":3070,"date":"2013-03-11T11:58:43","date_gmt":"2013-03-11T10:58:43","guid":{"rendered":"http:\/\/www.trachtenverband-unterfranken.de\/?p=3070"},"modified":"2013-03-11T11:58:43","modified_gmt":"2013-03-11T10:58:43","slug":"trachtler-aus-ochsenfurt-beim-staatsempfang-in-munchen","status":"publish","type":"post","link":"https:\/\/www.trachtenverband-unterfranken.de\/?p=3070","title":{"rendered":"Trachtler aus Ochsenfurt beim Staatsempfang in M\u00fcnchen"},"content":{"rendered":"<p><a href=\"https:\/\/www.trachtenverband-unterfranken.de\/wp-content\/uploads\/2013\/03\/VTV.png\"><img loading=\"lazy\" decoding=\"async\" class=\"alignleft size-medium wp-image-3071\" alt=\"VTV\" src=\"https:\/\/www.trachtenverband-unterfranken.de\/wp-content\/uploads\/2013\/03\/VTV-300x210.png\" width=\"300\" height=\"210\" srcset=\"https:\/\/www.trachtenverband-unterfranken.de\/wp-content\/uploads\/2013\/03\/VTV-300x210.png 300w, https:\/\/www.trachtenverband-unterfranken.de\/wp-content\/uploads\/2013\/03\/VTV.png 711w\" sizes=\"(max-width: 300px) 100vw, 300px\" \/><\/a>Zum Staatsempfang f\u00fcr Bundespr\u00e4sident Joachim Gauck und seiner Lebensgef\u00e4hrtin Daniela Schadt in der M\u00fcnchner Staatskanzlei waren auch Trachtler aus Ochsenfurt eingeladen.<\/p>\n<p>Ministerpr\u00e4sident Seehofer und Gattin hatten dazu eingeladen. Alle sieben bayerischen Regierungsbezirke waren vertreten. Unterfranken war beispielsweise vertreten durch den Regierungspr\u00e4sidenten Dr. Paul Beinhofer, Roland Schwin Landrat aus Miltenberg, einer Ordensschwester aus dem Kloster Oberzell, der fr\u00e4nkischen Weink\u00f6nigin, sowie der fr\u00e4nkische \u201eDreggsagg\u201c Michl M\u00fcller.<\/p>\n<p>Bundespr\u00e4sident Gauck ging von Tisch zu Tisch und plauderte zwanglos mit den G\u00e4sten. Seine Lebensgef\u00e4hrtin Frau Daniela Schadt lie\u00df sich die Ochsenfurter Gautracht genau erkl\u00e4ren.<\/p>\n<p>&nbsp;<\/p>\n<p><em><span style=\"font-size: small;\">Foto: Bayerische Staatskanzlei<\/span><\/em><\/p>\n<p><em><span style=\"font-size: small;\">Text: Ch. Mohr, Volkstrachtenverein Ochsenfurt<\/span><\/em><\/p>\n","protected":false},"excerpt":{"rendered":"<p>Zum Staatsempfang f\u00fcr Bundespr\u00e4sident Joachim Gauck und seiner Lebensgef\u00e4hrtin Daniela Schadt in der M\u00fcnchner Staatskanzlei waren auch Trachtler aus Ochsenfurt eingeladen. Ministerpr\u00e4sident Seehofer und Gattin hatten dazu eingeladen. Alle sieben bayerischen Regierungsbezirke waren vertreten. Unterfranken war beispielsweise vertreten durch den Regierungspr\u00e4sidenten Dr. Paul Beinhofer, Roland Schwin Landrat aus Miltenberg, einer Ordensschwester aus dem Kloster Oberzell, &hellip; <a href=\"https:\/\/www.trachtenverband-unterfranken.de\/?p=3070\" class=\"more-link\"><span class=\"screen-reader-text\">Trachtler aus Ochsenfurt beim Staatsempfang in M\u00fcnchen<\/span> weiterlesen<\/a><\/p>\n","protected":false},"author":3,"featured_media":0,"comment_status":"closed","ping_status":"closed","sticky":false,"template":"","format":"standard","meta":{"footnotes":""},"categories":[1,9],"tags":[],"_links":{"self":[{"href":"https:\/\/www.trachtenverband-unterfranken.de\/index.php?rest_route=\/wp\/v2\/posts\/3070"}],"collection":[{"href":"https:\/\/www.trachtenverband-unterfranken.de\/index.php?rest_route=\/wp\/v2\/posts"}],"about":[{"href":"https:\/\/www.trachtenverband-unterfranken.de\/index.php?rest_route=\/wp\/v2\/types\/post"}],"author":[{"embeddable":true,"href":"https:\/\/www.trachtenverband-unterfranken.de\/index.php?rest_route=\/wp\/v2\/users\/3"}],"replies":[{"embeddable":true,"href":"https:\/\/www.trachtenverband-unterfranken.de\/index.php?rest_route=%2Fwp%2Fv2%2Fcomments&post=3070"}],"version-history":[{"count":1,"href":"https:\/\/www.trachtenverband-unterfranken.de\/index.php?rest_route=\/wp\/v2\/posts\/3070\/revisions"}],"predecessor-version":[{"id":3072,"href":"https:\/\/www.trachtenverband-unterfranken.de\/index.php?rest_route=\/wp\/v2\/posts\/3070\/revisions\/3072"}],"wp:attachment":[{"href":"https:\/\/www.trachtenverband-unterfranken.de\/index.php?rest_route=%2Fwp%2Fv2%2Fmedia&parent=3070"}],"wp:term":[{"taxonomy":"category","embeddable":true,"href":"https:\/\/www.trachtenverband-unterfranken.de\/index.php?rest_route=%2Fwp%2Fv2%2Fcategories&post=3070"},{"taxonomy":"post_tag","embeddable":true,"href":"https:\/\/www.trachtenverband-unterfranken.de\/index.php?rest_route=%2Fwp%2Fv2%2Ftags&post=3070"}],"curies":[{"name":"wp","href":"https:\/\/api.w.org\/{rel}","templated":true}]}}