{"id":3079,"date":"2013-03-16T19:24:37","date_gmt":"2013-03-16T18:24:37","guid":{"rendered":"http:\/\/www.trachtenverband-unterfranken.de\/?p=3079"},"modified":"2013-03-16T19:24:54","modified_gmt":"2013-03-16T18:24:54","slug":"3079","status":"publish","type":"post","link":"https:\/\/www.trachtenverband-unterfranken.de\/?p=3079","title":{"rendered":"Unterfr\u00e4nkischer Mundart-Theater-Tag 14.04.2013 in Geldersheim"},"content":{"rendered":"<div id='gallery-1' class='gallery galleryid-3079 gallery-columns-3 gallery-size-thumbnail'><figure class='gallery-item'>\n\t\t\t<div class='gallery-icon portrait'>\n\t\t\t\t<a href='https:\/\/www.trachtenverband-unterfranken.de\/?attachment_id=3080'><img loading=\"lazy\" decoding=\"async\" width=\"150\" height=\"150\" src=\"https:\/\/www.trachtenverband-unterfranken.de\/wp-content\/uploads\/2013\/03\/Programm.Mundarttheatertag-150x150.png\" class=\"attachment-thumbnail size-thumbnail\" alt=\"\" \/><\/a>\n\t\t\t<\/div><\/figure><figure class='gallery-item'>\n\t\t\t<div class='gallery-icon portrait'>\n\t\t\t\t<a href='https:\/\/www.trachtenverband-unterfranken.de\/?attachment_id=3081'><img loading=\"lazy\" decoding=\"async\" width=\"150\" height=\"150\" src=\"https:\/\/www.trachtenverband-unterfranken.de\/wp-content\/uploads\/2013\/03\/Theaterplakat-150x150.png\" class=\"attachment-thumbnail size-thumbnail\" alt=\"\" \/><\/a>\n\t\t\t<\/div><\/figure>\n\t\t<\/div>\n\n<p>Liebe Theater- und Mundartfreunde,<\/p>\n<p>wir laden herzlich ein zu unserem Mundart-Theater-Tag am Sonntag, 14.04.2013 mit Mundart-Lesungen, Theaterauff\u00fchrungen und Volksmusik. Ein ganzer Tag mit einem bunten und vielf\u00e4ltigen Programm im Fr\u00e4nkischen Hof in Geldersheim.<\/p>\n<p>Die Veranstaltung findet in Kooperation mit der Arbeitsgemeinschaft Mundart-Theater Franken \u00a0e.V. statt.<\/p>\n<p>Um 10.00 Uhr starten wir mit einem unterhaltsamen <strong>Fr\u00fchschoppen, gestaltet von dem Mundart-Autor Wilhelm Wolpert aus Ha\u00dffurt und den Galderschummer Schlapperflickern<\/strong> (Eintritt frei).<\/p>\n<p>MITTAGSPAUSE<\/p>\n<p><strong>Ab 13.00 Uhr beginnen dann die einzelnen Vortr\u00e4ge.<\/strong><\/p>\n<p>13.00 Uhr Autorenlesung mit\u00a0Hedi Eckert aus Miltenberg<\/p>\n<p>13.20 Uhr\u00a0\u201dDas Kabarett\u201d von Alexa Thiesmeyer &#8211;\u00a0gespielt von der Theatergruppe Katzenbach<\/p>\n<p>13.55 Uhr Autorenlesung mit J\u00fcrgen Leimeister aus Bischbrunn im Spessart<\/p>\n<p>PAUSE<\/p>\n<p>14.20 Uhr Pfarrer Andreas Duft aus Euerbach: Lesung in\u00a0Aschaffenburger Dialekt<\/p>\n<p>14.40 Uhr Theatergruppe Weyer, Kriminalst\u00fcck: \u201cDie Leiche ist nicht tot zu kriegen\u201d<\/p>\n<p>15.15 Uhr Autorenlesung mit\u00a0Ilse Jurisch aus Sennfeld<\/p>\n<p>15.35 Uhr Theatergruppe Wegfurt: Szene aus dem \u201cBrandner Kasper\u201d<\/p>\n<p>PAUSE<\/p>\n<p>16.15 Uhr Autorenlesung mit Veronika Klose aus\u00a0Gre\u00dfthal<\/p>\n<p>16.45 Uhr Theatergruppe Thundorf:\u00a0\u201dDer taube Michl\u201d<\/p>\n<p>17.20 Uhr Theater : \u201cDas Fr\u00fchst\u00fccksei\u201d von Loriot auf Fr\u00e4nkisch gespielt von den MundArtisten Uettingen<\/p>\n<p>geplantes Ende gegen\u00a018.00 Uhr<\/p>\n<p><em>Eintritt f\u00fcr den gesamten Nachmittag: 4,00 Euro \u2013 kein Vorverkauf<\/em><\/p>\n<p><a href=\"http:\/\/www.heimatverein-geldersheim.de\/wp-content\/uploads\/2013\/03\/theatertag-flyer-a6-web.pdf\" target=\"_blank\">Mundart-Theater-Tag 2013: Programm-Flyer <\/a><\/p>\n","protected":false},"excerpt":{"rendered":"<p>Liebe Theater- und Mundartfreunde, wir laden herzlich ein zu unserem Mundart-Theater-Tag am Sonntag, 14.04.2013 mit Mundart-Lesungen, Theaterauff\u00fchrungen und Volksmusik. Ein ganzer Tag mit einem bunten und vielf\u00e4ltigen Programm im Fr\u00e4nkischen Hof in Geldersheim. Die Veranstaltung findet in Kooperation mit der Arbeitsgemeinschaft Mundart-Theater Franken \u00a0e.V. statt. Um 10.00 Uhr starten wir mit einem unterhaltsamen Fr\u00fchschoppen, gestaltet &hellip; <a href=\"https:\/\/www.trachtenverband-unterfranken.de\/?p=3079\" class=\"more-link\"><span class=\"screen-reader-text\">Unterfr\u00e4nkischer Mundart-Theater-Tag 14.04.2013 in Geldersheim<\/span> weiterlesen<\/a><\/p>\n","protected":false},"author":3,"featured_media":0,"comment_status":"closed","ping_status":"closed","sticky":false,"template":"","format":"standard","meta":{"footnotes":""},"categories":[9],"tags":[],"_links":{"self":[{"href":"https:\/\/www.trachtenverband-unterfranken.de\/index.php?rest_route=\/wp\/v2\/posts\/3079"}],"collection":[{"href":"https:\/\/www.trachtenverband-unterfranken.de\/index.php?rest_route=\/wp\/v2\/posts"}],"about":[{"href":"https:\/\/www.trachtenverband-unterfranken.de\/index.php?rest_route=\/wp\/v2\/types\/post"}],"author":[{"embeddable":true,"href":"https:\/\/www.trachtenverband-unterfranken.de\/index.php?rest_route=\/wp\/v2\/users\/3"}],"replies":[{"embeddable":true,"href":"https:\/\/www.trachtenverband-unterfranken.de\/index.php?rest_route=%2Fwp%2Fv2%2Fcomments&post=3079"}],"version-history":[{"count":3,"href":"https:\/\/www.trachtenverband-unterfranken.de\/index.php?rest_route=\/wp\/v2\/posts\/3079\/revisions"}],"predecessor-version":[{"id":3084,"href":"https:\/\/www.trachtenverband-unterfranken.de\/index.php?rest_route=\/wp\/v2\/posts\/3079\/revisions\/3084"}],"wp:attachment":[{"href":"https:\/\/www.trachtenverband-unterfranken.de\/index.php?rest_route=%2Fwp%2Fv2%2Fmedia&parent=3079"}],"wp:term":[{"taxonomy":"category","embeddable":true,"href":"https:\/\/www.trachtenverband-unterfranken.de\/index.php?rest_route=%2Fwp%2Fv2%2Fcategories&post=3079"},{"taxonomy":"post_tag","embeddable":true,"href":"https:\/\/www.trachtenverband-unterfranken.de\/index.php?rest_route=%2Fwp%2Fv2%2Ftags&post=3079"}],"curies":[{"name":"wp","href":"https:\/\/api.w.org\/{rel}","templated":true}]}}