{"id":3324,"date":"2013-06-24T11:23:02","date_gmt":"2013-06-24T09:23:02","guid":{"rendered":"http:\/\/www.trachtenverband-unterfranken.de\/?p=3324"},"modified":"2013-06-24T11:23:02","modified_gmt":"2013-06-24T09:23:02","slug":"einladung-zur-wallfahrt-und-zum-frankischen-mariensingen-30-6-2013","status":"publish","type":"post","link":"https:\/\/www.trachtenverband-unterfranken.de\/?p=3324","title":{"rendered":"Einladung zur Wallfahrt und zum fr\u00e4nkischen Mariensingen 30.6.2013"},"content":{"rendered":"<p><b>Musikantenwallfahrt zum Kirchberg bei Volkach \u201eMaria im Weingarten\u201c<\/b><\/p>\n<p>Sehr geehrte Damen und Herren,<\/p>\n<p>Die Arbeitsgemeinschaft Fr\u00e4nkische Volksmusik Unterfranken l\u00e4dt wie alle Jahr zur Musikantenwallfahrt auf den Kirchberg bei Volkach ein.<\/p>\n<p><!--more--><\/p>\n<p>Nicht nur Musikanten mit ihren Instrumenten, auch alle Freunde und Bekannte der fr\u00e4nkischen Volksmusik sind zum Gang auf dem Kirchberg und zum Mariensingen herzlich willkommen.<\/p>\n<p>Es wirken mit der Grettschter Dreigesang, der Musikverein Wipfeld, das Alphornquartett Heidenfeld und der Kart\u00e4user Dreigesang. Als Sprecher fungiert Robert Gie\u00df\u00fcbel.<\/p>\n<p>Nach R\u00fcckkehr der Wallfahrt zum Ausgangspunkt schlie\u00dft sich ein gem\u00fctliches Beisammensein an.<\/p>\n<p><strong>Beginn ist am Sonntag, 30.6.2013 um 14 Uhr auf dem Parkplatz gegen\u00fcber dem Volkacher Schwimmbad.<\/strong><\/p>\n<p>Reinhard H\u00fc\u00dfner<br \/>\n1. Vorsitzender<\/p>\n","protected":false},"excerpt":{"rendered":"<p>Musikantenwallfahrt zum Kirchberg bei Volkach \u201eMaria im Weingarten\u201c Sehr geehrte Damen und Herren, Die Arbeitsgemeinschaft Fr\u00e4nkische Volksmusik Unterfranken l\u00e4dt wie alle Jahr zur Musikantenwallfahrt auf den Kirchberg bei Volkach ein.<\/p>\n","protected":false},"author":3,"featured_media":0,"comment_status":"closed","ping_status":"closed","sticky":false,"template":"","format":"standard","meta":{"footnotes":""},"categories":[1,9],"tags":[],"_links":{"self":[{"href":"https:\/\/www.trachtenverband-unterfranken.de\/index.php?rest_route=\/wp\/v2\/posts\/3324"}],"collection":[{"href":"https:\/\/www.trachtenverband-unterfranken.de\/index.php?rest_route=\/wp\/v2\/posts"}],"about":[{"href":"https:\/\/www.trachtenverband-unterfranken.de\/index.php?rest_route=\/wp\/v2\/types\/post"}],"author":[{"embeddable":true,"href":"https:\/\/www.trachtenverband-unterfranken.de\/index.php?rest_route=\/wp\/v2\/users\/3"}],"replies":[{"embeddable":true,"href":"https:\/\/www.trachtenverband-unterfranken.de\/index.php?rest_route=%2Fwp%2Fv2%2Fcomments&post=3324"}],"version-history":[{"count":1,"href":"https:\/\/www.trachtenverband-unterfranken.de\/index.php?rest_route=\/wp\/v2\/posts\/3324\/revisions"}],"predecessor-version":[{"id":3325,"href":"https:\/\/www.trachtenverband-unterfranken.de\/index.php?rest_route=\/wp\/v2\/posts\/3324\/revisions\/3325"}],"wp:attachment":[{"href":"https:\/\/www.trachtenverband-unterfranken.de\/index.php?rest_route=%2Fwp%2Fv2%2Fmedia&parent=3324"}],"wp:term":[{"taxonomy":"category","embeddable":true,"href":"https:\/\/www.trachtenverband-unterfranken.de\/index.php?rest_route=%2Fwp%2Fv2%2Fcategories&post=3324"},{"taxonomy":"post_tag","embeddable":true,"href":"https:\/\/www.trachtenverband-unterfranken.de\/index.php?rest_route=%2Fwp%2Fv2%2Ftags&post=3324"}],"curies":[{"name":"wp","href":"https:\/\/api.w.org\/{rel}","templated":true}]}}